{"id":2885,"date":"2014-01-07T08:54:54","date_gmt":"2014-01-07T07:54:54","guid":{"rendered":"https:\/\/inclusioaltemporda.cat\/portal\/?p=2885"},"modified":"2016-02-01T09:23:47","modified_gmt":"2016-02-01T08:23:47","slug":"oferta-de-cursos-de-formacio-ocupacional-per-a-persones-en-atur-de-la-comarca","status":"publish","type":"post","link":"https:\/\/inclusioaltemporda.cat\/portal\/oferta-de-cursos-de-formacio-ocupacional-per-a-persones-en-atur-de-la-comarca\/","title":{"rendered":"Oferta de cursos de formaci\u00f3 ocupacional per a persones en atur de la comarca"},"content":{"rendered":"<p>Us facilitem informaci\u00f3 sobre la programaci\u00f3 de cursos de formaci\u00f3 ocupacional subvencionats pel SOC per a persones en atur de la comarca prevista per al primer semestre de l&#8217;any en alguns centres de Figueres.<\/p>\n<p>En aquest<a title=\"enlla\u00e7\" href=\"https:\/\/inclusioaltemporda.cat\/portal\/wp-content\/uploads\/Cursos-subvencionats-FOAP-2013.pdf\"> enlla\u00e7<\/a> podeu accedir a l&#8217;oferta de cursos que ofereix el Centre d&#8217;Automoci\u00f3 de Figueres a partir del mes de gener.<\/p>\n<p>La programaci\u00f3 i oferta de cursos del Centre d&#8217;Estudis M\u00e0ster la podeu consultar clickant en aquest altre<a title=\"enlla\u00e7\" href=\"https:\/\/inclusioaltemporda.cat\/portal\/wp-content\/uploads\/Cursos-de-Formaci\u00f3-Ocupacional-APROVATS-2013.pdf\"> enlla\u00e7<\/a>.<\/p>\n","protected":false},"excerpt":{"rendered":"<p>Us facilitem informaci\u00f3 sobre la programaci\u00f3 de cursos de formaci\u00f3 ocupacional subvencionats pel SOC per a persones en atur de la comarca prevista per al primer semestre de l&#8217;any en&hellip;<\/p>\n","protected":false},"author":3,"featured_media":2891,"comment_status":"closed","ping_status":"closed","sticky":false,"template":"","format":"standard","meta":{"footnotes":""},"categories":[106,101,105,104,103,108],"tags":[24,43,65],"class_list":["post-2885","post","type-post","status-publish","format-standard","has-post-thumbnail","hentry","category-administracions","category-ciutadania","category-empreses","category-entitats-socials","category-estudiants-escoles-instituts","category-mitjans-comunicacio","tag-inclusio-social","tag-insercio-sociolaboral","tag-joves","category-106","category-101","category-105","category-104","category-103","category-108","description-off"],"_links":{"self":[{"href":"https:\/\/inclusioaltemporda.cat\/portal\/wp-json\/wp\/v2\/posts\/2885","targetHints":{"allow":["GET"]}}],"collection":[{"href":"https:\/\/inclusioaltemporda.cat\/portal\/wp-json\/wp\/v2\/posts"}],"about":[{"href":"https:\/\/inclusioaltemporda.cat\/portal\/wp-json\/wp\/v2\/types\/post"}],"author":[{"embeddable":true,"href":"https:\/\/inclusioaltemporda.cat\/portal\/wp-json\/wp\/v2\/users\/3"}],"replies":[{"embeddable":true,"href":"https:\/\/inclusioaltemporda.cat\/portal\/wp-json\/wp\/v2\/comments?post=2885"}],"version-history":[{"count":6,"href":"https:\/\/inclusioaltemporda.cat\/portal\/wp-json\/wp\/v2\/posts\/2885\/revisions"}],"predecessor-version":[{"id":2894,"href":"https:\/\/inclusioaltemporda.cat\/portal\/wp-json\/wp\/v2\/posts\/2885\/revisions\/2894"}],"wp:featuredmedia":[{"embeddable":true,"href":"https:\/\/inclusioaltemporda.cat\/portal\/wp-json\/wp\/v2\/media\/2891"}],"wp:attachment":[{"href":"https:\/\/inclusioaltemporda.cat\/portal\/wp-json\/wp\/v2\/media?parent=2885"}],"wp:term":[{"taxonomy":"category","embeddable":true,"href":"https:\/\/inclusioaltemporda.cat\/portal\/wp-json\/wp\/v2\/categories?post=2885"},{"taxonomy":"post_tag","embeddable":true,"href":"https:\/\/inclusioaltemporda.cat\/portal\/wp-json\/wp\/v2\/tags?post=2885"}],"curies":[{"name":"wp","href":"https:\/\/api.w.org\/{rel}","templated":true}]}}