{"id":2895,"date":"2014-01-08T09:03:03","date_gmt":"2014-01-08T08:03:03","guid":{"rendered":"https:\/\/inclusioaltemporda.cat\/portal\/?p=2895"},"modified":"2016-02-01T09:23:47","modified_gmt":"2016-02-01T08:23:47","slug":"el-consell-comarcal-sadhereix-al-protocol-judicial-que-coordina-les-actuacions-per-desnonament-o-execucio-hipotecaria","status":"publish","type":"post","link":"https:\/\/inclusioaltemporda.cat\/portal\/el-consell-comarcal-sadhereix-al-protocol-judicial-que-coordina-les-actuacions-per-desnonament-o-execucio-hipotecaria\/","title":{"rendered":"El Consell Comarcal s&#8217;adhereix al Protocol judicial que coordina les actuacions per desnonament o execuci\u00f3 hipotec\u00e0ria"},"content":{"rendered":"<p>El Consell Comarcal de l&#8217;Alt Empord\u00e0 s&#8217;ha adherit al Protocol d&#8217;execuci\u00f3 que coordina les actuacions per desnonament o execuci\u00f3 hipotec\u00e0ria promogut per l&#8217;Associaci\u00f3 Catalana de Municipis i Comarques, el Tribunal Superior de Just\u00edcia de Catalunya i altres institucions.<\/p>\n<p>Aquest Protocol t\u00e9 com a objectiu coordinar l&#8217;actuaci\u00f3 judicial amb el conjunt d&#8217;institucions per tal de posar en marxa totes les actuacions que ajudin a millorar la situaci\u00f3 de les persones que es trobin afectades per un procediment de desnonament, execuci\u00f3 hipotec\u00e0ria o similar i estiguin en situaci\u00f3 de vulnerabilitat social.<\/p>\n<p>El Protocol identifica les circumst\u00e0ncies en qu\u00e8 es considera que es produeix una situaci\u00f3 de vulnerabilitat social o hi concorren factors de risc social.<\/p>\n<p>Els Serveis Socials del Consell Comarcal elaboraran en aquests casos un informe d&#8217;avaluaci\u00f3 sobre la situaci\u00f3 en qu\u00e8 es troba la fam\u00edlia afectada, indicant les mesures adoptades o proposades per tal que el Jutjat pertinent disposi el que correspongui en el procediment inciat.<\/p>\n<p>L&#8217;Ajuntament de Figueres tamb\u00e9 s&#8217;ha adherit a aquest Protocol.<\/p>\n","protected":false},"excerpt":{"rendered":"<p>El Consell Comarcal de l&#8217;Alt Empord\u00e0 s&#8217;ha adherit al Protocol d&#8217;execuci\u00f3 que coordina les actuacions per desnonament o execuci\u00f3 hipotec\u00e0ria promogut per l&#8217;Associaci\u00f3 Catalana de Municipis i Comarques, el Tribunal&hellip;<\/p>\n","protected":false},"author":3,"featured_media":2896,"comment_status":"closed","ping_status":"closed","sticky":false,"template":"","format":"standard","meta":{"footnotes":""},"categories":[106,100,101,108,102],"tags":[36,24],"class_list":["post-2895","post","type-post","status-publish","format-standard","has-post-thumbnail","hentry","category-administracions","category-area-benestar","category-ciutadania","category-mitjans-comunicacio","category-professionals-ambit-social","tag-habitatge","tag-inclusio-social","category-106","category-100","category-101","category-108","category-102","description-off"],"_links":{"self":[{"href":"https:\/\/inclusioaltemporda.cat\/portal\/wp-json\/wp\/v2\/posts\/2895","targetHints":{"allow":["GET"]}}],"collection":[{"href":"https:\/\/inclusioaltemporda.cat\/portal\/wp-json\/wp\/v2\/posts"}],"about":[{"href":"https:\/\/inclusioaltemporda.cat\/portal\/wp-json\/wp\/v2\/types\/post"}],"author":[{"embeddable":true,"href":"https:\/\/inclusioaltemporda.cat\/portal\/wp-json\/wp\/v2\/users\/3"}],"replies":[{"embeddable":true,"href":"https:\/\/inclusioaltemporda.cat\/portal\/wp-json\/wp\/v2\/comments?post=2895"}],"version-history":[{"count":3,"href":"https:\/\/inclusioaltemporda.cat\/portal\/wp-json\/wp\/v2\/posts\/2895\/revisions"}],"predecessor-version":[{"id":2900,"href":"https:\/\/inclusioaltemporda.cat\/portal\/wp-json\/wp\/v2\/posts\/2895\/revisions\/2900"}],"wp:featuredmedia":[{"embeddable":true,"href":"https:\/\/inclusioaltemporda.cat\/portal\/wp-json\/wp\/v2\/media\/2896"}],"wp:attachment":[{"href":"https:\/\/inclusioaltemporda.cat\/portal\/wp-json\/wp\/v2\/media?parent=2895"}],"wp:term":[{"taxonomy":"category","embeddable":true,"href":"https:\/\/inclusioaltemporda.cat\/portal\/wp-json\/wp\/v2\/categories?post=2895"},{"taxonomy":"post_tag","embeddable":true,"href":"https:\/\/inclusioaltemporda.cat\/portal\/wp-json\/wp\/v2\/tags?post=2895"}],"curies":[{"name":"wp","href":"https:\/\/api.w.org\/{rel}","templated":true}]}}