{"id":2901,"date":"2014-01-09T08:51:59","date_gmt":"2014-01-09T07:51:59","guid":{"rendered":"https:\/\/inclusioaltemporda.cat\/portal\/?p=2901"},"modified":"2016-02-01T09:23:47","modified_gmt":"2016-02-01T08:23:47","slug":"programa-joves-per-a-locupacio-per-a-joves-aturats-de-la-comarca","status":"publish","type":"post","link":"https:\/\/inclusioaltemporda.cat\/portal\/programa-joves-per-a-locupacio-per-a-joves-aturats-de-la-comarca\/","title":{"rendered":"Programa Joves per a l&#8217;Ocupaci\u00f3 per a joves aturats de la comarca"},"content":{"rendered":"<p>El servei SMIO de l&#8217;\u00e0rea de Promoci\u00f3 Econ\u00f2mica de l&#8217;Ajuntament de Figueres ha posat en marxa el programa Joves per a l&#8217;Ocupaci\u00f3 que ofereix formaci\u00f3 amb experi\u00e8ncia pr\u00e0ctica a joves aturats de la comarca.<\/p>\n<p>Aquest programa est\u00e0 adre\u00e7at a joves d&#8217;entre 16 i 24 anys aturats, inscrits a l&#8217;Oficina de Treball de la Generalitat com a demandants de feina no ocupats, i amb abandonament d&#8217;estudis reglats (ESO, PQPI, CFGM, Batxillerat), disposin o no del Graduat en ESO.<\/p>\n<p>Aquesta programa, vigent fins l&#8217;abril de 2015, ofereix 2 formacions professionalitzadores: Ajudant de cambrer amb franc\u00e8s (320 hores) i Caixer de cambrer amb franc\u00e8s (280 hores).<\/p>\n<p>Els mesos de gener i febrer es far\u00e0 la selecci\u00f3 dels i les participants (fins a un total de 40). Si teniu inter\u00e8s a con\u00e8ixer m\u00e9s informaci\u00f3 sobre aquest programa ho podeu fer en aquest <a title=\"enlla\u00e7 a la p\u00e0gina web\" href=\"http:\/\/www.figueres.cat\/jovesxocupacio\">enlla\u00e7 a la p\u00e0gina web<\/a>.<\/p>\n<p>El programa gestionat pel SMIO est\u00e0 subvencionat pel SOC, finan\u00e7at a c\u00e0rrec de fons provinents de Pressupostos Generals de l\u2019Estat i cofinan\u00e7at pel Fons Social Europeu, d\u2019acord amb el Programa d\u2019Experi\u00e8ncia Professional per a l\u2019ocupaci\u00f3 juvenil a Catalunya \u201cJoves per l\u2019ocupaci\u00f3\u201d.<\/p>\n","protected":false},"excerpt":{"rendered":"<p>El servei SMIO de l&#8217;\u00e0rea de Promoci\u00f3 Econ\u00f2mica de l&#8217;Ajuntament de Figueres ha posat en marxa el programa Joves per a l&#8217;Ocupaci\u00f3 que ofereix formaci\u00f3 amb experi\u00e8ncia pr\u00e0ctica a joves&hellip;<\/p>\n","protected":false},"author":3,"featured_media":2902,"comment_status":"closed","ping_status":"closed","sticky":false,"template":"","format":"standard","meta":{"footnotes":""},"categories":[106,101,105,103,108],"tags":[24,65],"class_list":["post-2901","post","type-post","status-publish","format-standard","has-post-thumbnail","hentry","category-administracions","category-ciutadania","category-empreses","category-estudiants-escoles-instituts","category-mitjans-comunicacio","tag-inclusio-social","tag-joves","category-106","category-101","category-105","category-103","category-108","description-off"],"_links":{"self":[{"href":"https:\/\/inclusioaltemporda.cat\/portal\/wp-json\/wp\/v2\/posts\/2901","targetHints":{"allow":["GET"]}}],"collection":[{"href":"https:\/\/inclusioaltemporda.cat\/portal\/wp-json\/wp\/v2\/posts"}],"about":[{"href":"https:\/\/inclusioaltemporda.cat\/portal\/wp-json\/wp\/v2\/types\/post"}],"author":[{"embeddable":true,"href":"https:\/\/inclusioaltemporda.cat\/portal\/wp-json\/wp\/v2\/users\/3"}],"replies":[{"embeddable":true,"href":"https:\/\/inclusioaltemporda.cat\/portal\/wp-json\/wp\/v2\/comments?post=2901"}],"version-history":[{"count":4,"href":"https:\/\/inclusioaltemporda.cat\/portal\/wp-json\/wp\/v2\/posts\/2901\/revisions"}],"predecessor-version":[{"id":2905,"href":"https:\/\/inclusioaltemporda.cat\/portal\/wp-json\/wp\/v2\/posts\/2901\/revisions\/2905"}],"wp:featuredmedia":[{"embeddable":true,"href":"https:\/\/inclusioaltemporda.cat\/portal\/wp-json\/wp\/v2\/media\/2902"}],"wp:attachment":[{"href":"https:\/\/inclusioaltemporda.cat\/portal\/wp-json\/wp\/v2\/media?parent=2901"}],"wp:term":[{"taxonomy":"category","embeddable":true,"href":"https:\/\/inclusioaltemporda.cat\/portal\/wp-json\/wp\/v2\/categories?post=2901"},{"taxonomy":"post_tag","embeddable":true,"href":"https:\/\/inclusioaltemporda.cat\/portal\/wp-json\/wp\/v2\/tags?post=2901"}],"curies":[{"name":"wp","href":"https:\/\/api.w.org\/{rel}","templated":true}]}}