{"id":2908,"date":"2014-01-10T08:54:03","date_gmt":"2014-01-10T07:54:03","guid":{"rendered":"https:\/\/inclusioaltemporda.cat\/portal\/?p=2908"},"modified":"2016-02-01T09:23:47","modified_gmt":"2016-02-01T08:23:47","slug":"figueres-acollira-la-primera-edicio-de-la-bicicatlo-sense-fronteres","status":"publish","type":"post","link":"https:\/\/inclusioaltemporda.cat\/portal\/figueres-acollira-la-primera-edicio-de-la-bicicatlo-sense-fronteres\/","title":{"rendered":"Figueres acollir\u00e0 la primera edici\u00f3 de la Bicicatl\u00f3 sense fronteres"},"content":{"rendered":"<p>El passat 4 de gener es va presentar la primera edici\u00f3 del <a href=\"http:\/\/biciathlonsinfronteras.org\/\" target=\"_blank\">Biciatl\u00f3 sense fronteres<\/a>, en un acte celebrat a la Rambla de Figueres. Aquest esdeveniment solidari, que es celebrar\u00e0 el proper 22 de juny, est\u00e0 organitzat per l&#8217;entitat sense \u00e0nim de lucre Bicicletes sense Fronteres amb la col\u00b7laboraci\u00f3 de l&#8217;<a href=\"www.figueres.cat\" target=\"_blank\">Ajuntament de Figuere<\/a>s i la <a href=\"http:\/\/www.fundacionvicenteferrer.org\/es\/\" target=\"_blank\">Fundaci\u00f3 Vicente Ferrer<\/a>, i servir\u00e0 per recollir i apadrinar 2.000 bicicletes que s\u2019entregaran a persones amb risc d\u2019exclusi\u00f3 social. La Bicatl\u00f3 tindr\u00e0 diferents recorreguts: un per a fam\u00edlies, una pedalada popular i un per a esportistes, ja que inclour\u00e0 la 3\u00aa prova del circuit Scott Marathon MTB by BEST.<\/p>\n<p>L\u2019acte de presentaci\u00f3 de la Biciatl\u00f3 tamb\u00e9 va servir per fer entrega de quatre bicicletes als Serveis Socials del Consell Comarcal de l\u2019Alt Empord\u00e0 per a nens i nenes de 10 a 13 anys i 5 m\u00e9s a l&#8217;entitat figuerenca Ksameu.<\/p>\n<p>L&#8217;entitat <a href=\"http:\/\/www.bicicletassinfronteras.org\/\" target=\"_blank\">Bicicletes sense Fronteres<\/a> va n\u00e9ixer l&#8217;abril de 2012 com a iniciativa d&#8217;inserci\u00f3 sociolaboral que t\u00e9 per objectiu recollir i reciclar bicicletes, i posteriorment donar-les a persones que les puguin necessitar, majorit\u00e0riament gent sense recursos que les utilitzen per anar a treballar, i tamb\u00e9 a nens amb risc d\u2019exclusi\u00f3 social. Fins al moment l&#8217;entitat ha entregat un miler de bicicletes arreu del m\u00f3n.<\/p>\n","protected":false},"excerpt":{"rendered":"<p>El passat 4 de gener es va presentar la primera edici\u00f3 del Biciatl\u00f3 sense fronteres, en un acte celebrat a la Rambla de Figueres. Aquest esdeveniment solidari, que es celebrar\u00e0&hellip;<\/p>\n","protected":false},"author":2,"featured_media":2911,"comment_status":"closed","ping_status":"closed","sticky":false,"template":"","format":"standard","meta":{"footnotes":""},"categories":[33,101,105,104,103,108],"tags":[],"class_list":["post-2908","post","type-post","status-publish","format-standard","has-post-thumbnail","hentry","category-agenda","category-ciutadania","category-empreses","category-entitats-socials","category-estudiants-escoles-instituts","category-mitjans-comunicacio","category-33","category-101","category-105","category-104","category-103","category-108","description-off"],"_links":{"self":[{"href":"https:\/\/inclusioaltemporda.cat\/portal\/wp-json\/wp\/v2\/posts\/2908","targetHints":{"allow":["GET"]}}],"collection":[{"href":"https:\/\/inclusioaltemporda.cat\/portal\/wp-json\/wp\/v2\/posts"}],"about":[{"href":"https:\/\/inclusioaltemporda.cat\/portal\/wp-json\/wp\/v2\/types\/post"}],"author":[{"embeddable":true,"href":"https:\/\/inclusioaltemporda.cat\/portal\/wp-json\/wp\/v2\/users\/2"}],"replies":[{"embeddable":true,"href":"https:\/\/inclusioaltemporda.cat\/portal\/wp-json\/wp\/v2\/comments?post=2908"}],"version-history":[{"count":4,"href":"https:\/\/inclusioaltemporda.cat\/portal\/wp-json\/wp\/v2\/posts\/2908\/revisions"}],"predecessor-version":[{"id":2913,"href":"https:\/\/inclusioaltemporda.cat\/portal\/wp-json\/wp\/v2\/posts\/2908\/revisions\/2913"}],"wp:featuredmedia":[{"embeddable":true,"href":"https:\/\/inclusioaltemporda.cat\/portal\/wp-json\/wp\/v2\/media\/2911"}],"wp:attachment":[{"href":"https:\/\/inclusioaltemporda.cat\/portal\/wp-json\/wp\/v2\/media?parent=2908"}],"wp:term":[{"taxonomy":"category","embeddable":true,"href":"https:\/\/inclusioaltemporda.cat\/portal\/wp-json\/wp\/v2\/categories?post=2908"},{"taxonomy":"post_tag","embeddable":true,"href":"https:\/\/inclusioaltemporda.cat\/portal\/wp-json\/wp\/v2\/tags?post=2908"}],"curies":[{"name":"wp","href":"https:\/\/api.w.org\/{rel}","templated":true}]}}