{"id":2921,"date":"2014-01-14T09:25:05","date_gmt":"2014-01-14T08:25:05","guid":{"rendered":"https:\/\/inclusioaltemporda.cat\/portal\/?p=2921"},"modified":"2016-02-01T09:23:46","modified_gmt":"2016-02-01T08:23:46","slug":"augmenta-el-nombre-de-microcredits-per-a-financar-petites-empreses-i-emprenedors-a-lalt-emporda","status":"publish","type":"post","link":"https:\/\/inclusioaltemporda.cat\/portal\/augmenta-el-nombre-de-microcredits-per-a-financar-petites-empreses-i-emprenedors-a-lalt-emporda\/","title":{"rendered":"Augmenta el nombre de microcr\u00e8dits per a finan\u00e7ar petites empreses i emprenedors a l&#8217;Alt Empord\u00e0"},"content":{"rendered":"<p>L&#8217;evoluci\u00f3 del nombre de microcr\u00e8dits tramitats a la comarca de l&#8217;Alt Empord\u00e0 per Microbank &#8220;La Caixa&#8221;, d&#8217;acord amb el conveni de col\u00b7laboraci\u00f3 signat l&#8217;any 2010 per aquesta entitat financera amb el consell comarcal de l&#8217;Alt Empord\u00e0, la Creu Roja, els ajuntaments de Figueres i Roses, ha augmentat notablement en els darrers quatre anys en qu\u00e8 s&#8217;han tramitat un total de 59 ajuts.<\/p>\n<p>Aquesta l\u00ednia de finan\u00e7ament facilita recursos econ\u00f2mics a petites empreses i a emprenedors (aut\u00f2noms) i a col\u00b7lectius vulnerables en situaci\u00f3 d&#8217;exclusi\u00f3 financera.<\/p>\n<p>Aquesta experi\u00e8ncia \u00e9s pionera a Catalunya en tant que per primera vegada un conjunt d&#8217;entitats socials i p\u00fabliques treballen de forma integral i coordinada a la comarca amb aquesta finalitat.<\/p>\n<p>Per tal de coordinar aquesta actuaci\u00f3, una Comissi\u00f3 T\u00e8cnica integrada per representants de cada instituci\u00f3, estudia i analitza les sol\u00b7licituds de microcr\u00e8dits i emet els informes de viabilitat, en els casos que es valoren favorablement.<\/p>\n<p>Les l\u00ednies de finan\u00e7ament d&#8217;aquesta iniciativa s\u00f3n les seg\u00fcents:<\/p>\n<p>1) L\u00ednia de microcr\u00e8dits de depend\u00e8ncia. Facilita recursos a persones que es troben en situaci\u00f3 de depend\u00e8ncia i als seus cuidadors familiars per contribuir a millorar la seva qualitat de vida i afavorir l&#8217;autonomia personal.<\/p>\n<p>2) L\u00ednia de microcr\u00e8dits socials. Potencia l&#8217;autoocupaci\u00f3 i incentiva l&#8217;activitat emprenedora afavorint la igualtat d&#8217;oportunitats, nous residents, persones amb discapacitat i amb especial atenci\u00f3 als col\u00b7lectius vulnerables en situaci\u00f3 d&#8217;exclusi\u00f3 financera. Tamb\u00e9 financia l&#8217;establiment, consolidaci\u00f3 o ampliaci\u00f3 de microempreses, negocis d&#8217;aut\u00f2noms i projectes d&#8217;autoocupaci\u00f3 per contribuir al desenvolupament del teixit productiu i la creaci\u00f3 i consolidaci\u00f3 d&#8217;ocupaci\u00f3.<\/p>\n","protected":false},"excerpt":{"rendered":"<p>L&#8217;evoluci\u00f3 del nombre de microcr\u00e8dits tramitats a la comarca de l&#8217;Alt Empord\u00e0 per Microbank &#8220;La Caixa&#8221;, d&#8217;acord amb el conveni de col\u00b7laboraci\u00f3 signat l&#8217;any 2010 per aquesta entitat financera amb&hellip;<\/p>\n","protected":false},"author":3,"featured_media":2922,"comment_status":"closed","ping_status":"closed","sticky":false,"template":"","format":"standard","meta":{"footnotes":""},"categories":[106,101,105,108],"tags":[24],"class_list":["post-2921","post","type-post","status-publish","format-standard","has-post-thumbnail","hentry","category-administracions","category-ciutadania","category-empreses","category-mitjans-comunicacio","tag-inclusio-social","category-106","category-101","category-105","category-108","description-off"],"_links":{"self":[{"href":"https:\/\/inclusioaltemporda.cat\/portal\/wp-json\/wp\/v2\/posts\/2921","targetHints":{"allow":["GET"]}}],"collection":[{"href":"https:\/\/inclusioaltemporda.cat\/portal\/wp-json\/wp\/v2\/posts"}],"about":[{"href":"https:\/\/inclusioaltemporda.cat\/portal\/wp-json\/wp\/v2\/types\/post"}],"author":[{"embeddable":true,"href":"https:\/\/inclusioaltemporda.cat\/portal\/wp-json\/wp\/v2\/users\/3"}],"replies":[{"embeddable":true,"href":"https:\/\/inclusioaltemporda.cat\/portal\/wp-json\/wp\/v2\/comments?post=2921"}],"version-history":[{"count":3,"href":"https:\/\/inclusioaltemporda.cat\/portal\/wp-json\/wp\/v2\/posts\/2921\/revisions"}],"predecessor-version":[{"id":2925,"href":"https:\/\/inclusioaltemporda.cat\/portal\/wp-json\/wp\/v2\/posts\/2921\/revisions\/2925"}],"wp:featuredmedia":[{"embeddable":true,"href":"https:\/\/inclusioaltemporda.cat\/portal\/wp-json\/wp\/v2\/media\/2922"}],"wp:attachment":[{"href":"https:\/\/inclusioaltemporda.cat\/portal\/wp-json\/wp\/v2\/media?parent=2921"}],"wp:term":[{"taxonomy":"category","embeddable":true,"href":"https:\/\/inclusioaltemporda.cat\/portal\/wp-json\/wp\/v2\/categories?post=2921"},{"taxonomy":"post_tag","embeddable":true,"href":"https:\/\/inclusioaltemporda.cat\/portal\/wp-json\/wp\/v2\/tags?post=2921"}],"curies":[{"name":"wp","href":"https:\/\/api.w.org\/{rel}","templated":true}]}}