{"id":2926,"date":"2014-01-15T08:55:04","date_gmt":"2014-01-15T07:55:04","guid":{"rendered":"https:\/\/inclusioaltemporda.cat\/portal\/?p=2926"},"modified":"2016-02-01T09:23:46","modified_gmt":"2016-02-01T08:23:46","slug":"exposicio-i-lliurament-dels-premis-inclusio-social-2013","status":"publish","type":"post","link":"https:\/\/inclusioaltemporda.cat\/portal\/exposicio-i-lliurament-dels-premis-inclusio-social-2013\/","title":{"rendered":"Exposici\u00f3 i lliurament dels Premis Inclusi\u00f3 Social 2013"},"content":{"rendered":"<p>La sala d&#8217;Exposicions del Consell Comarcal de l&#8217;Alt Empord\u00e0 acollir\u00e0 des del 16 de gener fins al 30 d&#8217;aquest mes una exposici\u00f3 en qu\u00e8 s&#8217;exhibiran les propostes i idees presentades a la primera edici\u00f3 dels Premis Inclusi\u00f3 Social aix\u00ed com els projectes guardonats.<\/p>\n<p>Aquesta iniciativa t\u00e9 com a finalitat mostrar la diversitat de propostes que han plantejat entitats i ciutadans de la comarca per\u00a0 millorar les condicions de vida de la poblaci\u00f3 m\u00e9s vulnerable.<\/p>\n<p>El proper 29 de gener a les 18:00 h. es far\u00e0 a la seu del Consell Comarcal l&#8217;acte de lliurament del Premi Inclusi\u00f3 2013 al projecte La Cuina, Cooperativisme a foc lent, presentat pel Col\u00b7lectiu Eines integrat per Mireia Veh\u00ed, Carla Alsina i Christel Keller, i l&#8217;Acc\u00e8ssit atorgat a l&#8217;Associaci\u00f3 El Tamariu pel projecte laboral El Tamariu-Reciclatge de Paper. Ambd\u00f3s projectes es desenvoluparan aquest any 2014 a la comarca.<\/p>\n<p>Els Premis Inclusi\u00f3 Social s\u00f3n una iniciativa promoguda pel Pla per a la Inclusi\u00f3 i la Cohesi\u00f3 Social de l&#8217;Alt Empord\u00e0 2013-2016, impulsada per l&#8217;\u00e0rea de Benestar del Consell Comarcal.<\/p>\n<p>Els Premis tenen com a finalitat fer emergir a la comarca propostes innovadores en l&#8217;\u00e0mbit de la inclusi\u00f3 i la cohesi\u00f3 social i finan\u00e7ar projectes a desenvolupar en el territori.<\/p>\n","protected":false},"excerpt":{"rendered":"<p>La sala d&#8217;Exposicions del Consell Comarcal de l&#8217;Alt Empord\u00e0 acollir\u00e0 des del 16 de gener fins al 30 d&#8217;aquest mes una exposici\u00f3 en qu\u00e8 s&#8217;exhibiran les propostes i idees presentades&hellip;<\/p>\n","protected":false},"author":3,"featured_media":2927,"comment_status":"closed","ping_status":"closed","sticky":false,"template":"","format":"standard","meta":{"footnotes":""},"categories":[106,33,100,107,101,105,104,103,108,12,102,11],"tags":[24,77],"class_list":["post-2926","post","type-post","status-publish","format-standard","has-post-thumbnail","hentry","category-administracions","category-agenda","category-area-benestar","category-centres-recerca-universitats","category-ciutadania","category-empreses","category-entitats-socials","category-estudiants-escoles-instituts","category-mitjans-comunicacio","category-pla-dinclusio-2","category-professionals-ambit-social","category-taula-inclusio","tag-inclusio-social","tag-premis-inclusio-2013","category-106","category-33","category-100","category-107","category-101","category-105","category-104","category-103","category-108","category-12","category-102","category-11","description-off"],"_links":{"self":[{"href":"https:\/\/inclusioaltemporda.cat\/portal\/wp-json\/wp\/v2\/posts\/2926","targetHints":{"allow":["GET"]}}],"collection":[{"href":"https:\/\/inclusioaltemporda.cat\/portal\/wp-json\/wp\/v2\/posts"}],"about":[{"href":"https:\/\/inclusioaltemporda.cat\/portal\/wp-json\/wp\/v2\/types\/post"}],"author":[{"embeddable":true,"href":"https:\/\/inclusioaltemporda.cat\/portal\/wp-json\/wp\/v2\/users\/3"}],"replies":[{"embeddable":true,"href":"https:\/\/inclusioaltemporda.cat\/portal\/wp-json\/wp\/v2\/comments?post=2926"}],"version-history":[{"count":3,"href":"https:\/\/inclusioaltemporda.cat\/portal\/wp-json\/wp\/v2\/posts\/2926\/revisions"}],"predecessor-version":[{"id":2930,"href":"https:\/\/inclusioaltemporda.cat\/portal\/wp-json\/wp\/v2\/posts\/2926\/revisions\/2930"}],"wp:featuredmedia":[{"embeddable":true,"href":"https:\/\/inclusioaltemporda.cat\/portal\/wp-json\/wp\/v2\/media\/2927"}],"wp:attachment":[{"href":"https:\/\/inclusioaltemporda.cat\/portal\/wp-json\/wp\/v2\/media?parent=2926"}],"wp:term":[{"taxonomy":"category","embeddable":true,"href":"https:\/\/inclusioaltemporda.cat\/portal\/wp-json\/wp\/v2\/categories?post=2926"},{"taxonomy":"post_tag","embeddable":true,"href":"https:\/\/inclusioaltemporda.cat\/portal\/wp-json\/wp\/v2\/tags?post=2926"}],"curies":[{"name":"wp","href":"https:\/\/api.w.org\/{rel}","templated":true}]}}