{"id":2967,"date":"2014-01-16T09:20:18","date_gmt":"2014-01-16T08:20:18","guid":{"rendered":"https:\/\/inclusioaltemporda.cat\/portal\/?p=2967"},"modified":"2016-02-01T09:23:46","modified_gmt":"2016-02-01T08:23:46","slug":"reunio-de-la-comissio-comarcal-de-violencia-de-genere-de-lalt-emporda","status":"publish","type":"post","link":"https:\/\/inclusioaltemporda.cat\/portal\/reunio-de-la-comissio-comarcal-de-violencia-de-genere-de-lalt-emporda\/","title":{"rendered":"Reuni\u00f3 de la Comissi\u00f3 Comarcal de Viol\u00e8ncia de G\u00e8nere de l&#8217;Alt Empord\u00e0"},"content":{"rendered":"<p>Aquest mat\u00ed es reuneix la Comissi\u00f3 Comarcal de Viol\u00e8ncia de G\u00e8nere de l&#8217;Alt Empord\u00e0, espai de coordinaci\u00f3 i de treball professional que aplega els agents p\u00fablics i del tercer sector que atenen dones v\u00edctimes de viol\u00e8ncia de g\u00e8nere a la comarca.<\/p>\n<p>La Comissi\u00f3 Comarcal de Viol\u00e8ncia de G\u00e8nere, gestionat per la coordinadora del Servei d&#8217;Informaci\u00f3 i Atenci\u00f3 a les Dones del Consell Comarcal de l&#8217;Alt Empord\u00e0, facilita un espai de treball trimestral en qu\u00e8 es comparteixen dades d&#8217;atenci\u00f3 dels serveis, eines metodol\u00f2giques i Protocols per millorar l&#8217;atenci\u00f3 a les dones v\u00edctimes de viol\u00e8ncia de g\u00e8nere i s&#8217;informa de formacions t\u00e8cniques d&#8217;inter\u00e8s per als professionals dels serveis.<\/p>\n<p>La Comissi\u00f3 Comarcal reuneix els serveis d&#8217;atenci\u00f3 a les dones de l&#8217;administraci\u00f3 local de la comarca, els serveis del Consell Comarcal, els serveis d&#8217;atenci\u00f3 a les v\u00edctimes dels Mossos d&#8217;Esquadra, de l&#8217;\u00e0mbit judicial i dels serveis de salut (atenci\u00f3 prim\u00e0ria i Hospital de Figueres), l&#8217;Oficina d&#8217;Atenci\u00f3 a la V\u00edctima del departament de Just\u00edcia de Girona aix\u00ed com les entitats del tercer sector que treballen en aquest \u00e0mbit.<\/p>\n","protected":false},"excerpt":{"rendered":"<p>Aquest mat\u00ed es reuneix la Comissi\u00f3 Comarcal de Viol\u00e8ncia de G\u00e8nere de l&#8217;Alt Empord\u00e0, espai de coordinaci\u00f3 i de treball professional que aplega els agents p\u00fablics i del tercer sector&hellip;<\/p>\n","protected":false},"author":3,"featured_media":2968,"comment_status":"closed","ping_status":"closed","sticky":false,"template":"","format":"standard","meta":{"footnotes":""},"categories":[106,100,101,104,108,102],"tags":[27,24],"class_list":["post-2967","post","type-post","status-publish","format-standard","has-post-thumbnail","hentry","category-administracions","category-area-benestar","category-ciutadania","category-entitats-socials","category-mitjans-comunicacio","category-professionals-ambit-social","tag-benestar-ccae","tag-inclusio-social","category-106","category-100","category-101","category-104","category-108","category-102","description-off"],"_links":{"self":[{"href":"https:\/\/inclusioaltemporda.cat\/portal\/wp-json\/wp\/v2\/posts\/2967","targetHints":{"allow":["GET"]}}],"collection":[{"href":"https:\/\/inclusioaltemporda.cat\/portal\/wp-json\/wp\/v2\/posts"}],"about":[{"href":"https:\/\/inclusioaltemporda.cat\/portal\/wp-json\/wp\/v2\/types\/post"}],"author":[{"embeddable":true,"href":"https:\/\/inclusioaltemporda.cat\/portal\/wp-json\/wp\/v2\/users\/3"}],"replies":[{"embeddable":true,"href":"https:\/\/inclusioaltemporda.cat\/portal\/wp-json\/wp\/v2\/comments?post=2967"}],"version-history":[{"count":2,"href":"https:\/\/inclusioaltemporda.cat\/portal\/wp-json\/wp\/v2\/posts\/2967\/revisions"}],"predecessor-version":[{"id":2970,"href":"https:\/\/inclusioaltemporda.cat\/portal\/wp-json\/wp\/v2\/posts\/2967\/revisions\/2970"}],"wp:featuredmedia":[{"embeddable":true,"href":"https:\/\/inclusioaltemporda.cat\/portal\/wp-json\/wp\/v2\/media\/2968"}],"wp:attachment":[{"href":"https:\/\/inclusioaltemporda.cat\/portal\/wp-json\/wp\/v2\/media?parent=2967"}],"wp:term":[{"taxonomy":"category","embeddable":true,"href":"https:\/\/inclusioaltemporda.cat\/portal\/wp-json\/wp\/v2\/categories?post=2967"},{"taxonomy":"post_tag","embeddable":true,"href":"https:\/\/inclusioaltemporda.cat\/portal\/wp-json\/wp\/v2\/tags?post=2967"}],"curies":[{"name":"wp","href":"https:\/\/api.w.org\/{rel}","templated":true}]}}