{"id":2978,"date":"2014-01-20T08:41:38","date_gmt":"2014-01-20T07:41:38","guid":{"rendered":"https:\/\/inclusioaltemporda.cat\/portal\/?p=2978"},"modified":"2016-02-01T09:23:46","modified_gmt":"2016-02-01T08:23:46","slug":"projecte-datencio-sociosanitaria-i-suport-a-les-persones-grans-a-castello-dempuries","status":"publish","type":"post","link":"https:\/\/inclusioaltemporda.cat\/portal\/projecte-datencio-sociosanitaria-i-suport-a-les-persones-grans-a-castello-dempuries\/","title":{"rendered":"Projecte d&#8217;atenci\u00f3 sociosanit\u00e0ria i suport a les persones grans a Castell\u00f3 dEmp\u00faries"},"content":{"rendered":"<p>L&#8217;ajuntament de Castell\u00f3 d&#8217;Emp\u00faries ha posat en marxa un projecte d&#8217;atenci\u00f3 sociosanit\u00e0ria i de suport a les persones grans mitjan\u00e7ant el finan\u00e7ament dels Plans d&#8217;Ocupaci\u00f3 del Servei d&#8217;Ocupaci\u00f3 de Catalunya (SOC).<\/p>\n<p>Aquest finan\u00e7ament permetr\u00e0 la contractaci\u00f3 de 4 treballadors\/es familiars durant 6 mesos, en situaci\u00f3 d&#8217;atur, que es faran c\u00e0rrec de visitar les persones de 75 anys o m\u00e9s que viuen soles al municipi, per tal de valorar aspectes psicosocials i les seves necessitats.<\/p>\n<p>Aquests professionals tamb\u00e9 tindran entre les seves tasques assessorar sobre els serveis que es presten a la gent gran des de les diverses administracions, oferiran suport i acompanyament segons les necessitats i derivaran persones als serveis socials municipals, si els cal una atenci\u00f3 m\u00e9s especialitzada.<\/p>\n<p>La subvenci\u00f3 del SOC tamb\u00e9 facilita una formaci\u00f3 espec\u00edfica per a les persones contractades que assistiran a un curs homologat de geriatria (120 hores) que els permetr\u00e0 millorar la seva ocupabilitat en el mercat de treball.<\/p>\n","protected":false},"excerpt":{"rendered":"<p>L&#8217;ajuntament de Castell\u00f3 d&#8217;Emp\u00faries ha posat en marxa un projecte d&#8217;atenci\u00f3 sociosanit\u00e0ria i de suport a les persones grans mitjan\u00e7ant el finan\u00e7ament dels Plans d&#8217;Ocupaci\u00f3 del Servei d&#8217;Ocupaci\u00f3 de Catalunya&hellip;<\/p>\n","protected":false},"author":3,"featured_media":2979,"comment_status":"closed","ping_status":"closed","sticky":false,"template":"","format":"standard","meta":{"footnotes":""},"categories":[106,101,105,108],"tags":[24,50],"class_list":["post-2978","post","type-post","status-publish","format-standard","has-post-thumbnail","hentry","category-administracions","category-ciutadania","category-empreses","category-mitjans-comunicacio","tag-inclusio-social","tag-tallers-gent-gran","category-106","category-101","category-105","category-108","description-off"],"_links":{"self":[{"href":"https:\/\/inclusioaltemporda.cat\/portal\/wp-json\/wp\/v2\/posts\/2978","targetHints":{"allow":["GET"]}}],"collection":[{"href":"https:\/\/inclusioaltemporda.cat\/portal\/wp-json\/wp\/v2\/posts"}],"about":[{"href":"https:\/\/inclusioaltemporda.cat\/portal\/wp-json\/wp\/v2\/types\/post"}],"author":[{"embeddable":true,"href":"https:\/\/inclusioaltemporda.cat\/portal\/wp-json\/wp\/v2\/users\/3"}],"replies":[{"embeddable":true,"href":"https:\/\/inclusioaltemporda.cat\/portal\/wp-json\/wp\/v2\/comments?post=2978"}],"version-history":[{"count":2,"href":"https:\/\/inclusioaltemporda.cat\/portal\/wp-json\/wp\/v2\/posts\/2978\/revisions"}],"predecessor-version":[{"id":2981,"href":"https:\/\/inclusioaltemporda.cat\/portal\/wp-json\/wp\/v2\/posts\/2978\/revisions\/2981"}],"wp:featuredmedia":[{"embeddable":true,"href":"https:\/\/inclusioaltemporda.cat\/portal\/wp-json\/wp\/v2\/media\/2979"}],"wp:attachment":[{"href":"https:\/\/inclusioaltemporda.cat\/portal\/wp-json\/wp\/v2\/media?parent=2978"}],"wp:term":[{"taxonomy":"category","embeddable":true,"href":"https:\/\/inclusioaltemporda.cat\/portal\/wp-json\/wp\/v2\/categories?post=2978"},{"taxonomy":"post_tag","embeddable":true,"href":"https:\/\/inclusioaltemporda.cat\/portal\/wp-json\/wp\/v2\/tags?post=2978"}],"curies":[{"name":"wp","href":"https:\/\/api.w.org\/{rel}","templated":true}]}}