{"id":2983,"date":"2014-01-21T09:17:20","date_gmt":"2014-01-21T08:17:20","guid":{"rendered":"https:\/\/inclusioaltemporda.cat\/portal\/?p=2983"},"modified":"2016-02-01T09:23:46","modified_gmt":"2016-02-01T08:23:46","slug":"el-consell-comarcal-acollira-una-formacio-especilitzada-per-a-professionals-del-projecte-internacional-award","status":"publish","type":"post","link":"https:\/\/inclusioaltemporda.cat\/portal\/el-consell-comarcal-acollira-una-formacio-especilitzada-per-a-professionals-del-projecte-internacional-award\/","title":{"rendered":"El Consell Comarcal acollir\u00e0 una formaci\u00f3 especilitzada per a professionals del projecte internacional AWARD"},"content":{"rendered":"<p>Els dies 20 i 21 de febrer d&#8217;enguany el Consell Comarcal acollir\u00e0 una formaci\u00f3 especialitzada dirigida als socis del projecte internacional <a href=\"http:\/\/www.awardproject.eu\/\" target=\"_blank\">Awareness Raising and Education for Development and Culture (AWARD)<\/a>.<\/p>\n<p>La formaci\u00f3, que portar\u00e0 per t\u00edtol &#8220;Cultura i cohesi\u00f3 social: experi\u00e8ncies i pr\u00e0ctiques des d&#8217;una perspectiva Nord-Sud&#8221;, abordar\u00e0 q\u00fcestions diverses, com l&#8217;impacte de la crisi en les pol\u00edtiques locals de cooperaci\u00f3 per al desenvolupament, la cultura i la cohesi\u00f3, i les respostes locals, la gesti\u00f3 dels grups culturalment diversos, i el foment de la cohesi\u00f3 social en municipis i entitats.<\/p>\n<p>El Consell Comarcal de l\u2019Alt Empord\u00e0 \u00e9s un dels socis del projecte AWARD, finan\u00e7at per la Direcci\u00f3 General per al Desenvolupament i la Cooperaci\u00f3 de la <a href=\"http:\/\/ec.europa.eu\/index_en.htm\" target=\"_blank\">Comissi\u00f3 Europea<\/a>, que est\u00e0 en marxa des de l\u2019any 2012 i t\u00e9 com a finalitat la sensibilitzaci\u00f3 dels agents locals i els organismes europeus sobre la rellev\u00e0ncia de la diversitat cultural i la cooperaci\u00f3 per al desenvolupament.<\/p>\n","protected":false},"excerpt":{"rendered":"<p>Els dies 20 i 21 de febrer d&#8217;enguany el Consell Comarcal acollir\u00e0 una formaci\u00f3 especialitzada dirigida als socis del projecte internacional Awareness Raising and Education for Development and Culture (AWARD).&hellip;<\/p>\n","protected":false},"author":2,"featured_media":1531,"comment_status":"closed","ping_status":"closed","sticky":false,"template":"","format":"standard","meta":{"footnotes":""},"categories":[106,100,107,101,108,102,111],"tags":[27,117,24],"class_list":["post-2983","post","type-post","status-publish","format-standard","has-post-thumbnail","hentry","category-administracions","category-area-benestar","category-centres-recerca-universitats","category-ciutadania","category-mitjans-comunicacio","category-professionals-ambit-social","category-projectes-internacionals","tag-benestar-ccae","tag-formacio-ca","tag-inclusio-social","category-106","category-100","category-107","category-101","category-108","category-102","category-111","description-off"],"_links":{"self":[{"href":"https:\/\/inclusioaltemporda.cat\/portal\/wp-json\/wp\/v2\/posts\/2983","targetHints":{"allow":["GET"]}}],"collection":[{"href":"https:\/\/inclusioaltemporda.cat\/portal\/wp-json\/wp\/v2\/posts"}],"about":[{"href":"https:\/\/inclusioaltemporda.cat\/portal\/wp-json\/wp\/v2\/types\/post"}],"author":[{"embeddable":true,"href":"https:\/\/inclusioaltemporda.cat\/portal\/wp-json\/wp\/v2\/users\/2"}],"replies":[{"embeddable":true,"href":"https:\/\/inclusioaltemporda.cat\/portal\/wp-json\/wp\/v2\/comments?post=2983"}],"version-history":[{"count":2,"href":"https:\/\/inclusioaltemporda.cat\/portal\/wp-json\/wp\/v2\/posts\/2983\/revisions"}],"predecessor-version":[{"id":2985,"href":"https:\/\/inclusioaltemporda.cat\/portal\/wp-json\/wp\/v2\/posts\/2983\/revisions\/2985"}],"wp:featuredmedia":[{"embeddable":true,"href":"https:\/\/inclusioaltemporda.cat\/portal\/wp-json\/wp\/v2\/media\/1531"}],"wp:attachment":[{"href":"https:\/\/inclusioaltemporda.cat\/portal\/wp-json\/wp\/v2\/media?parent=2983"}],"wp:term":[{"taxonomy":"category","embeddable":true,"href":"https:\/\/inclusioaltemporda.cat\/portal\/wp-json\/wp\/v2\/categories?post=2983"},{"taxonomy":"post_tag","embeddable":true,"href":"https:\/\/inclusioaltemporda.cat\/portal\/wp-json\/wp\/v2\/tags?post=2983"}],"curies":[{"name":"wp","href":"https:\/\/api.w.org\/{rel}","templated":true}]}}