{"id":2987,"date":"2014-01-22T08:32:29","date_gmt":"2014-01-22T07:32:29","guid":{"rendered":"https:\/\/inclusioaltemporda.cat\/portal\/?p=2987"},"modified":"2016-02-01T09:23:46","modified_gmt":"2016-02-01T08:23:46","slug":"sessio-de-treball-amb-els-responsables-del-programa-salut-i-crisi-de-dipsalut-a-lalt-emporda","status":"publish","type":"post","link":"https:\/\/inclusioaltemporda.cat\/portal\/sessio-de-treball-amb-els-responsables-del-programa-salut-i-crisi-de-dipsalut-a-lalt-emporda\/","title":{"rendered":"Sessi\u00f3 de treball amb els responsables del programa &#8220;Salut i Crisi&#8221; de DipSalut a l&#8217;Alt Empord\u00e0"},"content":{"rendered":"<p>Els responsables del programa &#8220;Salut i Crisi&#8221; de Dipsalut (Diputaci\u00f3 de Girona) es reuniran aquest mat\u00ed amb els membres de la Taula d&#8217;Inclusi\u00f3 i la Comissi\u00f3 de Seguiment del Pla per a la Inclusi\u00f3 i la Cohesi\u00f3 Social de l&#8217;Alt Empord\u00e0 aix\u00ed com responsables de benestar de l&#8217;Ajuntament de Figueres per presentar les l\u00ednies del programa per a l&#8217;any 2014.<\/p>\n<p class=\"MsoNormal\">La finalitat d&#8217;aquesta primera sessi\u00f3 \u00e9s visualitzar el conjunt de recursos p\u00fablics i del tercer sector de qu\u00e8 disposa la comarca per fer front a les situacions de vulnerabilitat de les persones i fam\u00edlies que veuen com la seva salut i benestar emocional s&#8217;ha vist afectada per la crisi, al mateix temps que treballar noves propostes de cooperaci\u00f3 en el marc d&#8217;aquest programa.<\/p>\n<p class=\"MsoNormal\">Hi ha previstes tres sessions fins al mes de mar\u00e7 que permetran definir conjuntament entre administracions i entitats socials les prioritats i l\u00ednies de treball en el marc d&#8217;aquesta convocat\u00f2ria.<\/p>\n<p class=\"MsoNormal\">\n<p class=\"MsoNormal\">\n","protected":false},"excerpt":{"rendered":"<p>Els responsables del programa &#8220;Salut i Crisi&#8221; de Dipsalut (Diputaci\u00f3 de Girona) es reuniran aquest mat\u00ed amb els membres de la Taula d&#8217;Inclusi\u00f3 i la Comissi\u00f3 de Seguiment del Pla&hellip;<\/p>\n","protected":false},"author":3,"featured_media":1371,"comment_status":"closed","ping_status":"closed","sticky":false,"template":"","format":"standard","meta":{"footnotes":""},"categories":[106,100,101,104,108,12,11],"tags":[24,16],"class_list":["post-2987","post","type-post","status-publish","format-standard","has-post-thumbnail","hentry","category-administracions","category-area-benestar","category-ciutadania","category-entitats-socials","category-mitjans-comunicacio","category-pla-dinclusio-2","category-taula-inclusio","tag-inclusio-social","tag-pla-inclusio","category-106","category-100","category-101","category-104","category-108","category-12","category-11","description-off"],"_links":{"self":[{"href":"https:\/\/inclusioaltemporda.cat\/portal\/wp-json\/wp\/v2\/posts\/2987","targetHints":{"allow":["GET"]}}],"collection":[{"href":"https:\/\/inclusioaltemporda.cat\/portal\/wp-json\/wp\/v2\/posts"}],"about":[{"href":"https:\/\/inclusioaltemporda.cat\/portal\/wp-json\/wp\/v2\/types\/post"}],"author":[{"embeddable":true,"href":"https:\/\/inclusioaltemporda.cat\/portal\/wp-json\/wp\/v2\/users\/3"}],"replies":[{"embeddable":true,"href":"https:\/\/inclusioaltemporda.cat\/portal\/wp-json\/wp\/v2\/comments?post=2987"}],"version-history":[{"count":3,"href":"https:\/\/inclusioaltemporda.cat\/portal\/wp-json\/wp\/v2\/posts\/2987\/revisions"}],"predecessor-version":[{"id":2990,"href":"https:\/\/inclusioaltemporda.cat\/portal\/wp-json\/wp\/v2\/posts\/2987\/revisions\/2990"}],"wp:featuredmedia":[{"embeddable":true,"href":"https:\/\/inclusioaltemporda.cat\/portal\/wp-json\/wp\/v2\/media\/1371"}],"wp:attachment":[{"href":"https:\/\/inclusioaltemporda.cat\/portal\/wp-json\/wp\/v2\/media?parent=2987"}],"wp:term":[{"taxonomy":"category","embeddable":true,"href":"https:\/\/inclusioaltemporda.cat\/portal\/wp-json\/wp\/v2\/categories?post=2987"},{"taxonomy":"post_tag","embeddable":true,"href":"https:\/\/inclusioaltemporda.cat\/portal\/wp-json\/wp\/v2\/tags?post=2987"}],"curies":[{"name":"wp","href":"https:\/\/api.w.org\/{rel}","templated":true}]}}