{"id":2991,"date":"2014-01-23T08:46:55","date_gmt":"2014-01-23T07:46:55","guid":{"rendered":"https:\/\/inclusioaltemporda.cat\/portal\/?p=2991"},"modified":"2016-02-01T09:23:46","modified_gmt":"2016-02-01T08:23:46","slug":"indicadors-de-risc-i-proteccio-dels-infants-i-adolescents","status":"publish","type":"post","link":"https:\/\/inclusioaltemporda.cat\/portal\/indicadors-de-risc-i-proteccio-dels-infants-i-adolescents\/","title":{"rendered":"El departament de Benestar Social i Fam\u00edlia aprova els indicadors de risc i protecci\u00f3 dels infants i adolescents"},"content":{"rendered":"<p>El Departament de Benestar Social i Fam\u00edlia de la Generalitat ha aprovat recentment els indicadors de risc i protecci\u00f3 dels infants i adolescents, un instrument que facilita un millor diagn\u00f2stic de les realitats sociofamiliars dels infants i adolescents en situaci\u00f3 de risc, desamparament i guarda a Catalunya.<\/p>\n<p>Aquest treball t\u00e8cnic, en el qual han participat professionals\u00a0 dels diferents serveis t\u00e8cnics de la xarxa p\u00fablica, respon al mandat legislatiu (Llei 14\/2010) que estableix la compet\u00e8ncia de les administracions locals i de la Generalitat en la prevenci\u00f3 i la detecci\u00f3 del maltractament infantil.<\/p>\n<p>A la comarca de l&#8217;Alt Empord\u00e0, l&#8217;Equip d&#8217;Atenci\u00f3 a la Inf\u00e0ncia i l&#8217;Adolesc\u00e8ncia (EAIA) de l&#8217;\u00e0rea de Benestar del Consell Comarcal, \u00e9s l&#8217;encarregat de protegir els infants i adolescents en situaci\u00f3 de risc o desamparament i es fa c\u00e0rrec de la valoraci\u00f3, actuaci\u00f3 i atenci\u00f3 d&#8217;aquests infants aix\u00ed com del seguiment i tractament de les seves fam\u00edlies.<\/p>\n<p>En el <a title=\"document que s'adjunta en aquest enlla\u00e7\" href=\"https:\/\/inclusioaltemporda.cat\/portal\/wp-content\/uploads\/Indicadors-de-risc-i-protecci\u00f3-dels-infants-i-adolescents_2013.pdf\">document que s&#8217;adjunta en aquest enlla\u00e7<\/a> trobareu aquests indicadors.<\/p>\n","protected":false},"excerpt":{"rendered":"<p>El Departament de Benestar Social i Fam\u00edlia de la Generalitat ha aprovat recentment els indicadors de risc i protecci\u00f3 dels infants i adolescents, un instrument que facilita un millor diagn\u00f2stic&hellip;<\/p>\n","protected":false},"author":3,"featured_media":2994,"comment_status":"closed","ping_status":"closed","sticky":false,"template":"","format":"standard","meta":{"footnotes":""},"categories":[106,107,101,108,102],"tags":[34,27,40],"class_list":["post-2991","post","type-post","status-publish","format-standard","has-post-thumbnail","hentry","category-administracions","category-centres-recerca-universitats","category-ciutadania","category-mitjans-comunicacio","category-professionals-ambit-social","tag-aula-professionals","tag-benestar-ccae","tag-recursos","category-106","category-107","category-101","category-108","category-102","description-off"],"_links":{"self":[{"href":"https:\/\/inclusioaltemporda.cat\/portal\/wp-json\/wp\/v2\/posts\/2991","targetHints":{"allow":["GET"]}}],"collection":[{"href":"https:\/\/inclusioaltemporda.cat\/portal\/wp-json\/wp\/v2\/posts"}],"about":[{"href":"https:\/\/inclusioaltemporda.cat\/portal\/wp-json\/wp\/v2\/types\/post"}],"author":[{"embeddable":true,"href":"https:\/\/inclusioaltemporda.cat\/portal\/wp-json\/wp\/v2\/users\/3"}],"replies":[{"embeddable":true,"href":"https:\/\/inclusioaltemporda.cat\/portal\/wp-json\/wp\/v2\/comments?post=2991"}],"version-history":[{"count":8,"href":"https:\/\/inclusioaltemporda.cat\/portal\/wp-json\/wp\/v2\/posts\/2991\/revisions"}],"predecessor-version":[{"id":2998,"href":"https:\/\/inclusioaltemporda.cat\/portal\/wp-json\/wp\/v2\/posts\/2991\/revisions\/2998"}],"wp:featuredmedia":[{"embeddable":true,"href":"https:\/\/inclusioaltemporda.cat\/portal\/wp-json\/wp\/v2\/media\/2994"}],"wp:attachment":[{"href":"https:\/\/inclusioaltemporda.cat\/portal\/wp-json\/wp\/v2\/media?parent=2991"}],"wp:term":[{"taxonomy":"category","embeddable":true,"href":"https:\/\/inclusioaltemporda.cat\/portal\/wp-json\/wp\/v2\/categories?post=2991"},{"taxonomy":"post_tag","embeddable":true,"href":"https:\/\/inclusioaltemporda.cat\/portal\/wp-json\/wp\/v2\/tags?post=2991"}],"curies":[{"name":"wp","href":"https:\/\/api.w.org\/{rel}","templated":true}]}}