{"id":3007,"date":"2014-01-27T08:49:56","date_gmt":"2014-01-27T07:49:56","guid":{"rendered":"https:\/\/inclusioaltemporda.cat\/portal\/?p=3007"},"modified":"2016-02-01T09:23:45","modified_gmt":"2016-02-01T08:23:45","slug":"recursos-sobre-educacio-social-i-la-seva-practica-professional","status":"publish","type":"post","link":"https:\/\/inclusioaltemporda.cat\/portal\/recursos-sobre-educacio-social-i-la-seva-practica-professional\/","title":{"rendered":"Recursos sobre educaci\u00f3 social i la seva pr\u00e0ctica professional"},"content":{"rendered":"<p>El Centre de Documentaci\u00f3 de Serveis Socials (DIXIT) del departament de Benestar Social i Fam\u00edlia de la Generalitat ha elaborat un dossier tem\u00e0tic que facilita diferents recursos sobre l&#8217;educaci\u00f3 social i la seva pr\u00e0ctica professional.<\/p>\n<p>Aquest recull, que podeu <a title=\"consultar en aquest enlla\u00e7\" href=\"http:\/\/www20.gencat.cat\/portal\/site\/dixit\/menuitem.b8aa048b9745a314f2801d10b0c0e1a0\/?vgnextoid=5f3768802d1d0310VgnVCM2000009b0c1e0aRCRD&amp;vgnextchannel=5f3768802d1d0310VgnVCM2000009b0c1e0aRCRD&amp;vgnextfmt=detall&amp;gccnoice=1&amp;vgnextrefresh=1&amp;contentid=455fc978e8193410VgnVCM2000009b0c1e0aRCRD&amp;newLang=ca_ES\">consultar en aquest enlla\u00e7<\/a>, permet l&#8217;acc\u00e9s a diferents tipus de publicacions i recursos web alguns en l\u00ednia i d&#8217;altres des del mateix Centre de Documentaci\u00f3.<\/p>\n","protected":false},"excerpt":{"rendered":"<p>El Centre de Documentaci\u00f3 de Serveis Socials (DIXIT) del departament de Benestar Social i Fam\u00edlia de la Generalitat ha elaborat un dossier tem\u00e0tic que facilita diferents recursos sobre l&#8217;educaci\u00f3 social&hellip;<\/p>\n","protected":false},"author":3,"featured_media":3008,"comment_status":"closed","ping_status":"closed","sticky":false,"template":"","format":"standard","meta":{"footnotes":""},"categories":[106,101,103,108,102],"tags":[34,24],"class_list":["post-3007","post","type-post","status-publish","format-standard","has-post-thumbnail","hentry","category-administracions","category-ciutadania","category-estudiants-escoles-instituts","category-mitjans-comunicacio","category-professionals-ambit-social","tag-aula-professionals","tag-inclusio-social","category-106","category-101","category-103","category-108","category-102","description-off"],"_links":{"self":[{"href":"https:\/\/inclusioaltemporda.cat\/portal\/wp-json\/wp\/v2\/posts\/3007","targetHints":{"allow":["GET"]}}],"collection":[{"href":"https:\/\/inclusioaltemporda.cat\/portal\/wp-json\/wp\/v2\/posts"}],"about":[{"href":"https:\/\/inclusioaltemporda.cat\/portal\/wp-json\/wp\/v2\/types\/post"}],"author":[{"embeddable":true,"href":"https:\/\/inclusioaltemporda.cat\/portal\/wp-json\/wp\/v2\/users\/3"}],"replies":[{"embeddable":true,"href":"https:\/\/inclusioaltemporda.cat\/portal\/wp-json\/wp\/v2\/comments?post=3007"}],"version-history":[{"count":3,"href":"https:\/\/inclusioaltemporda.cat\/portal\/wp-json\/wp\/v2\/posts\/3007\/revisions"}],"predecessor-version":[{"id":3011,"href":"https:\/\/inclusioaltemporda.cat\/portal\/wp-json\/wp\/v2\/posts\/3007\/revisions\/3011"}],"wp:featuredmedia":[{"embeddable":true,"href":"https:\/\/inclusioaltemporda.cat\/portal\/wp-json\/wp\/v2\/media\/3008"}],"wp:attachment":[{"href":"https:\/\/inclusioaltemporda.cat\/portal\/wp-json\/wp\/v2\/media?parent=3007"}],"wp:term":[{"taxonomy":"category","embeddable":true,"href":"https:\/\/inclusioaltemporda.cat\/portal\/wp-json\/wp\/v2\/categories?post=3007"},{"taxonomy":"post_tag","embeddable":true,"href":"https:\/\/inclusioaltemporda.cat\/portal\/wp-json\/wp\/v2\/tags?post=3007"}],"curies":[{"name":"wp","href":"https:\/\/api.w.org\/{rel}","templated":true}]}}