{"id":3018,"date":"2014-01-29T08:33:43","date_gmt":"2014-01-29T07:33:43","guid":{"rendered":"https:\/\/inclusioaltemporda.cat\/portal\/?p=3018"},"modified":"2014-03-06T10:59:47","modified_gmt":"2014-03-06T09:59:47","slug":"lliurament-dels-premis-inclusio-social-alt-emporda-2013","status":"publish","type":"post","link":"https:\/\/inclusioaltemporda.cat\/portal\/lliurament-dels-premis-inclusio-social-alt-emporda-2013\/","title":{"rendered":"Lliurament dels Premis Inclusi\u00f3 Social Alt Empord\u00e0 2013"},"content":{"rendered":"<p>Aquesta tarda, a les 18:00 h., es far\u00e0 l&#8217;acte de lliurament dels Premis Inclusi\u00f3 Social 2013 a la sala d&#8217;exposicions del Consell Comarcal. En el decurs de l&#8217;acte, presidit pel conseller comarcal de l&#8217;\u00e0rea de Benestar Josep Llu\u00eds Y\u00e9cora i condu\u00eft pel periodista Josep M. Bernils, es lliuraran els diplomes corresponents i es presentaran els v\u00eddeos dels projectes protagonitzats per les persones que duran a terme els projectes premiats.<\/p>\n<p>El Jurat ha concedit el Premi Inclusi\u00f3 2013 al projecte La Cuina, Cooperativisme a foc lent, presentat pel Col\u00b7lectiu Eines integrat per Mireia Veh\u00ed, Carla Alsina i Christel Keller. L&#8217;Associaci\u00f3 El Tamariu amb el projecte laboral El Tamariu-Reciclatge de Paper ha estat guardonat amb un Acc\u00e8ssit.<\/p>\n<p>Ambd\u00f3s projectes es desenvoluparan aquest any 2014 a la comarca, el primer al municipi de Sant Pere Pescador i el segon a Castell\u00f3 d&#8217;Emp\u00faries.<\/p>\n<p>Els Premis Inclusi\u00f3 Social s\u00f3n una iniciativa promoguda pel Pla per a la Inclusi\u00f3 i la Cohesi\u00f3 Social de l&#8217;Alt Empord\u00e0 2013-2016, impulsada per l&#8217;\u00e0rea de Benestar del Consell Comarcal. Els Premis tenen com a finalitat fer emergir a la comarca propostes innovadores en l&#8217;\u00e0mbit de la inclusi\u00f3 i la cohesi\u00f3 social i finan\u00e7ar projectes a desenvolupar en el territori.<\/p>\n<p>Una exposici\u00f3 amb els 11 projectes presentats a la primera convocat\u00f2ria d&#8217;aquest Premi la podeu visitar fins dem\u00e0 a la sala d&#8217;exposicions del Consell Comarcal.<\/p>\n","protected":false},"excerpt":{"rendered":"<p>Aquesta tarda, a les 18:00 h., es far\u00e0 l&#8217;acte de lliurament dels Premis Inclusi\u00f3 Social 2013 a la sala d&#8217;exposicions del Consell Comarcal. En el decurs de l&#8217;acte, presidit pel&hellip;<\/p>\n","protected":false},"author":3,"featured_media":2927,"comment_status":"open","ping_status":"open","sticky":false,"template":"","format":"standard","meta":{"footnotes":""},"categories":[106,100,107,101,105,104,103,108,12,102,11],"tags":[24,16,77],"class_list":["post-3018","post","type-post","status-publish","format-standard","has-post-thumbnail","hentry","category-administracions","category-area-benestar","category-centres-recerca-universitats","category-ciutadania","category-empreses","category-entitats-socials","category-estudiants-escoles-instituts","category-mitjans-comunicacio","category-pla-dinclusio-2","category-professionals-ambit-social","category-taula-inclusio","tag-inclusio-social","tag-pla-inclusio","tag-premis-inclusio-2013","category-106","category-100","category-107","category-101","category-105","category-104","category-103","category-108","category-12","category-102","category-11","description-off"],"_links":{"self":[{"href":"https:\/\/inclusioaltemporda.cat\/portal\/wp-json\/wp\/v2\/posts\/3018","targetHints":{"allow":["GET"]}}],"collection":[{"href":"https:\/\/inclusioaltemporda.cat\/portal\/wp-json\/wp\/v2\/posts"}],"about":[{"href":"https:\/\/inclusioaltemporda.cat\/portal\/wp-json\/wp\/v2\/types\/post"}],"author":[{"embeddable":true,"href":"https:\/\/inclusioaltemporda.cat\/portal\/wp-json\/wp\/v2\/users\/3"}],"replies":[{"embeddable":true,"href":"https:\/\/inclusioaltemporda.cat\/portal\/wp-json\/wp\/v2\/comments?post=3018"}],"version-history":[{"count":3,"href":"https:\/\/inclusioaltemporda.cat\/portal\/wp-json\/wp\/v2\/posts\/3018\/revisions"}],"predecessor-version":[{"id":3021,"href":"https:\/\/inclusioaltemporda.cat\/portal\/wp-json\/wp\/v2\/posts\/3018\/revisions\/3021"}],"wp:featuredmedia":[{"embeddable":true,"href":"https:\/\/inclusioaltemporda.cat\/portal\/wp-json\/wp\/v2\/media\/2927"}],"wp:attachment":[{"href":"https:\/\/inclusioaltemporda.cat\/portal\/wp-json\/wp\/v2\/media?parent=3018"}],"wp:term":[{"taxonomy":"category","embeddable":true,"href":"https:\/\/inclusioaltemporda.cat\/portal\/wp-json\/wp\/v2\/categories?post=3018"},{"taxonomy":"post_tag","embeddable":true,"href":"https:\/\/inclusioaltemporda.cat\/portal\/wp-json\/wp\/v2\/tags?post=3018"}],"curies":[{"name":"wp","href":"https:\/\/api.w.org\/{rel}","templated":true}]}}