{"id":3023,"date":"2014-01-30T10:30:44","date_gmt":"2014-01-30T09:30:44","guid":{"rendered":"https:\/\/inclusioaltemporda.cat\/portal\/?p=3023"},"modified":"2014-03-06T10:42:55","modified_gmt":"2014-03-06T09:42:55","slug":"la-cuina-cooperativisme-a-foc-lent","status":"publish","type":"post","link":"https:\/\/inclusioaltemporda.cat\/portal\/la-cuina-cooperativisme-a-foc-lent\/","title":{"rendered":"Premi Inclusi\u00f3 Social Alt Empord\u00e0 2013: La Cuina, cooperativisme a foc lent"},"content":{"rendered":"<p><iframe loading=\"lazy\" width=\"500\" height=\"281\" src=\"\/\/www.youtube.com\/embed\/mW6PxVV-pvM\" frameborder=\"0\" allowfullscreen><\/iframe><\/p>\n<p>Presentaci\u00f3 del projecte guanyador de la primera edici\u00f3 dels Premis Inclusi\u00f3 Social Alt Empord\u00e0 2013<\/p>\n","protected":false},"excerpt":{"rendered":"<p>Presentaci\u00f3 del projecte guanyador de la primera edici\u00f3 dels Premis Inclusi\u00f3 Social Alt Empord\u00e0 2013<\/p>\n","protected":false},"author":2,"featured_media":0,"comment_status":"open","ping_status":"open","sticky":false,"template":"","format":"standard","meta":{"footnotes":""},"categories":[106,100,107,101,105,104,103,108,12,102,11],"tags":[27,24,59,43,65,16,77,51],"class_list":["post-3023","post","type-post","status-publish","format-standard","hentry","category-administracions","category-area-benestar","category-centres-recerca-universitats","category-ciutadania","category-empreses","category-entitats-socials","category-estudiants-escoles-instituts","category-mitjans-comunicacio","category-pla-dinclusio-2","category-professionals-ambit-social","category-taula-inclusio","tag-benestar-ccae","tag-inclusio-social","tag-innovacio","tag-insercio-sociolaboral","tag-joves","tag-pla-inclusio","tag-premis-inclusio-2013","tag-voluntariat","category-106","category-100","category-107","category-101","category-105","category-104","category-103","category-108","category-12","category-102","category-11","description-off"],"_links":{"self":[{"href":"https:\/\/inclusioaltemporda.cat\/portal\/wp-json\/wp\/v2\/posts\/3023","targetHints":{"allow":["GET"]}}],"collection":[{"href":"https:\/\/inclusioaltemporda.cat\/portal\/wp-json\/wp\/v2\/posts"}],"about":[{"href":"https:\/\/inclusioaltemporda.cat\/portal\/wp-json\/wp\/v2\/types\/post"}],"author":[{"embeddable":true,"href":"https:\/\/inclusioaltemporda.cat\/portal\/wp-json\/wp\/v2\/users\/2"}],"replies":[{"embeddable":true,"href":"https:\/\/inclusioaltemporda.cat\/portal\/wp-json\/wp\/v2\/comments?post=3023"}],"version-history":[{"count":5,"href":"https:\/\/inclusioaltemporda.cat\/portal\/wp-json\/wp\/v2\/posts\/3023\/revisions"}],"predecessor-version":[{"id":3030,"href":"https:\/\/inclusioaltemporda.cat\/portal\/wp-json\/wp\/v2\/posts\/3023\/revisions\/3030"}],"wp:attachment":[{"href":"https:\/\/inclusioaltemporda.cat\/portal\/wp-json\/wp\/v2\/media?parent=3023"}],"wp:term":[{"taxonomy":"category","embeddable":true,"href":"https:\/\/inclusioaltemporda.cat\/portal\/wp-json\/wp\/v2\/categories?post=3023"},{"taxonomy":"post_tag","embeddable":true,"href":"https:\/\/inclusioaltemporda.cat\/portal\/wp-json\/wp\/v2\/tags?post=3023"}],"curies":[{"name":"wp","href":"https:\/\/api.w.org\/{rel}","templated":true}]}}