{"id":3027,"date":"2014-01-30T10:00:20","date_gmt":"2014-01-30T09:00:20","guid":{"rendered":"https:\/\/inclusioaltemporda.cat\/portal\/?p=3027"},"modified":"2014-03-06T10:42:38","modified_gmt":"2014-03-06T09:42:38","slug":"accessit-premis-inclusio-alt-emporda-2013-el-tamariu-reciclatge-de-paper","status":"publish","type":"post","link":"https:\/\/inclusioaltemporda.cat\/portal\/accessit-premis-inclusio-alt-emporda-2013-el-tamariu-reciclatge-de-paper\/","title":{"rendered":"Acc\u00e8ssit Premis Inclusi\u00f3 Alt Empord\u00e0 2013: El Tamariu, reciclatge de paper"},"content":{"rendered":"<p><iframe loading=\"lazy\" width=\"500\" height=\"281\" src=\"\/\/www.youtube.com\/embed\/IL4cLzNQFek\" frameborder=\"0\" allowfullscreen><\/iframe><\/p>\n<p>Presentaci\u00f3 del projecte guardonat amb un acc\u00e8ssit en la primera edici\u00f3 dels Premis Inclusi\u00f3 Social Alt Empord\u00e0 2013<\/p>\n","protected":false},"excerpt":{"rendered":"<p>Presentaci\u00f3 del projecte guardonat amb un acc\u00e8ssit en la primera edici\u00f3 dels Premis Inclusi\u00f3 Social Alt Empord\u00e0 2013<\/p>\n","protected":false},"author":2,"featured_media":0,"comment_status":"open","ping_status":"open","sticky":false,"template":"","format":"standard","meta":{"footnotes":""},"categories":[106,100,107,101,105,104,103,108,12,102,11],"tags":[27,24,59,43,62,16,77,51],"class_list":["post-3027","post","type-post","status-publish","format-standard","hentry","category-administracions","category-area-benestar","category-centres-recerca-universitats","category-ciutadania","category-empreses","category-entitats-socials","category-estudiants-escoles-instituts","category-mitjans-comunicacio","category-pla-dinclusio-2","category-professionals-ambit-social","category-taula-inclusio","tag-benestar-ccae","tag-inclusio-social","tag-innovacio","tag-insercio-sociolaboral","tag-pla-ciutadania-i-immigracio","tag-pla-inclusio","tag-premis-inclusio-2013","tag-voluntariat","category-106","category-100","category-107","category-101","category-105","category-104","category-103","category-108","category-12","category-102","category-11","description-off"],"_links":{"self":[{"href":"https:\/\/inclusioaltemporda.cat\/portal\/wp-json\/wp\/v2\/posts\/3027","targetHints":{"allow":["GET"]}}],"collection":[{"href":"https:\/\/inclusioaltemporda.cat\/portal\/wp-json\/wp\/v2\/posts"}],"about":[{"href":"https:\/\/inclusioaltemporda.cat\/portal\/wp-json\/wp\/v2\/types\/post"}],"author":[{"embeddable":true,"href":"https:\/\/inclusioaltemporda.cat\/portal\/wp-json\/wp\/v2\/users\/2"}],"replies":[{"embeddable":true,"href":"https:\/\/inclusioaltemporda.cat\/portal\/wp-json\/wp\/v2\/comments?post=3027"}],"version-history":[{"count":2,"href":"https:\/\/inclusioaltemporda.cat\/portal\/wp-json\/wp\/v2\/posts\/3027\/revisions"}],"predecessor-version":[{"id":5205,"href":"https:\/\/inclusioaltemporda.cat\/portal\/wp-json\/wp\/v2\/posts\/3027\/revisions\/5205"}],"wp:attachment":[{"href":"https:\/\/inclusioaltemporda.cat\/portal\/wp-json\/wp\/v2\/media?parent=3027"}],"wp:term":[{"taxonomy":"category","embeddable":true,"href":"https:\/\/inclusioaltemporda.cat\/portal\/wp-json\/wp\/v2\/categories?post=3027"},{"taxonomy":"post_tag","embeddable":true,"href":"https:\/\/inclusioaltemporda.cat\/portal\/wp-json\/wp\/v2\/tags?post=3027"}],"curies":[{"name":"wp","href":"https:\/\/api.w.org\/{rel}","templated":true}]}}