{"id":3032,"date":"2014-02-03T08:52:30","date_gmt":"2014-02-03T07:52:30","guid":{"rendered":"https:\/\/inclusioaltemporda.cat\/portal\/?p=3032"},"modified":"2014-03-10T09:38:18","modified_gmt":"2014-03-10T08:38:18","slug":"lacte-donem-llum-a-lesperanca-organitzat-per-la-fundacio-roses-contra-el-cancer-commemora-el-dia-mundial-contra-el-cancer-2014","status":"publish","type":"post","link":"https:\/\/inclusioaltemporda.cat\/portal\/lacte-donem-llum-a-lesperanca-organitzat-per-la-fundacio-roses-contra-el-cancer-commemora-el-dia-mundial-contra-el-cancer-2014\/","title":{"rendered":"Dia Mundial contra el C\u00e0ncer 2014"},"content":{"rendered":"<p>El dimarts 4 de febrer se celebra el Dia Mundial contra el C\u00e0ncer 2014. La Uni\u00f3 Internacional contra el C\u00e0ncer ha promogut la campanya &#8220;Desacreditar els Mites&#8221; que t\u00e9 com a finalitat contribuir a desmentir els mites i concepcions err\u00f2nies i perjudicials sobre aquesta malaltia.<\/p>\n<p>En el marc d&#8217;aquesta diada, la Fundaci\u00f3 Roses contra el C\u00e0ncer ha organitzat l&#8217;acte &#8220;Donem llum a l&#8217;esperan\u00e7a&#8221; que t\u00e9 com a objectiu sensibilitzar i donar suport als malalts de c\u00e0ncer i els seus familiars.<\/p>\n<p>Aquest acte tindr\u00e0 lloc al Teatre Municipal de Roses el proper 4 de febrer a les 20h. i comptar\u00e0 amb una lectura de poemes del grup de teatre de Roses i una actuaci\u00f3 musical d&#8217;int\u00e8rprets locals.<\/p>\n<p>Si voleu m\u00e9s informaci\u00f3 podeu contactar al tel\u00e8fon 972 151 295 o b\u00e9 mitjan\u00e7ant la <a href=\"http:\/\/www.fundacioroses.org\/\">p\u00e0gina web de la Fundaci\u00f3 en aquest enlla\u00e7<\/a>.<\/p>\n","protected":false},"excerpt":{"rendered":"<p>El dimarts 4 de febrer se celebra el Dia Mundial contra el C\u00e0ncer 2014. La Uni\u00f3 Internacional contra el C\u00e0ncer ha promogut la campanya &#8220;Desacreditar els Mites&#8221; que t\u00e9 com&hellip;<\/p>\n","protected":false},"author":3,"featured_media":3036,"comment_status":"open","ping_status":"open","sticky":false,"template":"","format":"standard","meta":{"footnotes":""},"categories":[101,105,104,108,11],"tags":[24,17],"class_list":["post-3032","post","type-post","status-publish","format-standard","has-post-thumbnail","hentry","category-ciutadania","category-empreses","category-entitats-socials","category-mitjans-comunicacio","category-taula-inclusio","tag-inclusio-social","tag-taula","category-101","category-105","category-104","category-108","category-11","description-off"],"_links":{"self":[{"href":"https:\/\/inclusioaltemporda.cat\/portal\/wp-json\/wp\/v2\/posts\/3032","targetHints":{"allow":["GET"]}}],"collection":[{"href":"https:\/\/inclusioaltemporda.cat\/portal\/wp-json\/wp\/v2\/posts"}],"about":[{"href":"https:\/\/inclusioaltemporda.cat\/portal\/wp-json\/wp\/v2\/types\/post"}],"author":[{"embeddable":true,"href":"https:\/\/inclusioaltemporda.cat\/portal\/wp-json\/wp\/v2\/users\/3"}],"replies":[{"embeddable":true,"href":"https:\/\/inclusioaltemporda.cat\/portal\/wp-json\/wp\/v2\/comments?post=3032"}],"version-history":[{"count":3,"href":"https:\/\/inclusioaltemporda.cat\/portal\/wp-json\/wp\/v2\/posts\/3032\/revisions"}],"predecessor-version":[{"id":3826,"href":"https:\/\/inclusioaltemporda.cat\/portal\/wp-json\/wp\/v2\/posts\/3032\/revisions\/3826"}],"wp:featuredmedia":[{"embeddable":true,"href":"https:\/\/inclusioaltemporda.cat\/portal\/wp-json\/wp\/v2\/media\/3036"}],"wp:attachment":[{"href":"https:\/\/inclusioaltemporda.cat\/portal\/wp-json\/wp\/v2\/media?parent=3032"}],"wp:term":[{"taxonomy":"category","embeddable":true,"href":"https:\/\/inclusioaltemporda.cat\/portal\/wp-json\/wp\/v2\/categories?post=3032"},{"taxonomy":"post_tag","embeddable":true,"href":"https:\/\/inclusioaltemporda.cat\/portal\/wp-json\/wp\/v2\/tags?post=3032"}],"curies":[{"name":"wp","href":"https:\/\/api.w.org\/{rel}","templated":true}]}}