{"id":3038,"date":"2014-02-05T09:40:27","date_gmt":"2014-02-05T08:40:27","guid":{"rendered":"https:\/\/inclusioaltemporda.cat\/portal\/?p=3038"},"modified":"2014-03-06T10:43:44","modified_gmt":"2014-03-06T09:43:44","slug":"iii-jornades-catalanes-sobre-llnfant","status":"publish","type":"post","link":"https:\/\/inclusioaltemporda.cat\/portal\/iii-jornades-catalanes-sobre-llnfant\/","title":{"rendered":"III Jornades catalanes sobre l&#8217;lnfant"},"content":{"rendered":"<p>Els propers dies 13 i 14 de febrer es celebraran les <a href=\"http:\/\/www20.gencat.cat\/portal\/site\/bsf\/menuitem.8f66e1d3efdfd6b43f6c8910b0c0e1a0\/?vgnextoid=1725c08192c63410VgnVCM1000008d0c1e0aRCRD&amp;vgnextchannel=1725c08192c63410VgnVCM1000008d0c1e0aRCRD&amp;vgnextfmt=detall&amp;contentid=de535fc9bf573410VgnVCM2000009b0c1e0aRCRD\" target=\"_blank\">III Jornades sobre l&#8217;Infant<\/a>, organitzades per l&#8217;<a href=\"http:\/\/www20.gencat.cat\/portal\/site\/bsf\/menuitem.c7a2fef9da184241e42a63a7b0c0e1a0\/?vgnextoid=094182867e5a4210VgnVCM1000008d0c1e0aRCRD&amp;vgnextchannel=094182867e5a4210VgnVCM1000008d0c1e0aRCRD\" target=\"_blank\">Observatori dels drets de la inf\u00e0ncia<\/a> i la <a href=\"http:\/\/www.justiciaipau.org\/index.php\/arees-de-treball\/drets-humans\/comissio-de-la-infancia\" target=\"_blank\">Comissi\u00f3 d&#8217;Inf\u00e0ncia de Just\u00edcia i Pau<\/a>. Amb motiu de la commemoraci\u00f3 dels 25 anys de la Convenci\u00f3 de les Nacions Unides sobre els Drets de l&#8217;infant, dels 35 anys de l&#8217;Any internacional de l&#8217;infant, els 5 anys de la Crida Mundial a favor de la inf\u00e0ncia, les III Jornades Catalanes sobre l\u2019Infant giraran entorn 4 blocs tem\u00e0tics:<\/p>\n<p>&#8211;\u00a0Responsabilitat social de la Fam\u00edlia envers la inf\u00e0ncia i l\u2019adolesc\u00e8ncia.<\/p>\n<p>&#8211; Responsabilitat social de l\u2019Escola envers la inf\u00e0ncia i l\u2019adolesc\u00e8ncia.<\/p>\n<p>&#8211;\u00a0Responsabilitat social del Lleure envers la inf\u00e0ncia i l\u2019adolesc\u00e8ncia.<\/p>\n<p>&#8211;\u00a0Responsabilitat social de la ciutadania envers la inf\u00e0ncia i l\u2019adolesc\u00e8ncia.<\/p>\n<p>Les jornades seran el punt de tancament d\u2019un proc\u00e9s de reflexi\u00f3 que es va iniciar al setembre de 2013 amb el treball previ de quatre seminaris vinculats als quatre blocs tem\u00e0tics esmentats.<\/p>\n<p>La pon\u00e8ncia inaugural, a c\u00e0rrec del Sr. <em>Jorge Cardona<\/em>, catedr\u00e0tic de Dret Internacional P\u00fablic de la Universitat de Val\u00e8ncia i membre del Comit\u00e8 dels Drets de l\u2019Infant,\u00a0 girar\u00e0 entorn &#8220;L&#8217;Inter\u00e8s superior de l&#8217;Infant&#8221;. Podeu consultar la resta del programa en <a href=\"http:\/\/www20.gencat.cat\/portal\/site\/bsf\/menuitem.8f66e1d3efdfd6b43f6c8910b0c0e1a0\/?vgnextoid=1725c08192c63410VgnVCM1000008d0c1e0aRCRD&amp;vgnextchannel=1725c08192c63410VgnVCM1000008d0c1e0aRCRD&amp;vgnextfmt=detall&amp;contentid=de535fc9bf573410VgnVCM2000009b0c1e0aRCRD\" target=\"_blank\">aquest enlla\u00e7<\/a>.<\/p>\n","protected":false},"excerpt":{"rendered":"<p>Els propers dies 13 i 14 de febrer es celebraran les III Jornades sobre l&#8217;Infant, organitzades per l&#8217;Observatori dels drets de la inf\u00e0ncia i la Comissi\u00f3 d&#8217;Inf\u00e0ncia de Just\u00edcia i&hellip;<\/p>\n","protected":false},"author":2,"featured_media":1729,"comment_status":"open","ping_status":"open","sticky":false,"template":"","format":"standard","meta":{"footnotes":""},"categories":[106,107,101,104,103,108,102],"tags":[34,113,57,24,35,40],"class_list":["post-3038","post","type-post","status-publish","format-standard","has-post-thumbnail","hentry","category-administracions","category-centres-recerca-universitats","category-ciutadania","category-entitats-socials","category-estudiants-escoles-instituts","category-mitjans-comunicacio","category-professionals-ambit-social","tag-aula-professionals","tag-formacio","tag-igualtat-doportunitats","tag-inclusio-social","tag-jornades","tag-recursos","category-106","category-107","category-101","category-104","category-103","category-108","category-102","description-off"],"_links":{"self":[{"href":"https:\/\/inclusioaltemporda.cat\/portal\/wp-json\/wp\/v2\/posts\/3038","targetHints":{"allow":["GET"]}}],"collection":[{"href":"https:\/\/inclusioaltemporda.cat\/portal\/wp-json\/wp\/v2\/posts"}],"about":[{"href":"https:\/\/inclusioaltemporda.cat\/portal\/wp-json\/wp\/v2\/types\/post"}],"author":[{"embeddable":true,"href":"https:\/\/inclusioaltemporda.cat\/portal\/wp-json\/wp\/v2\/users\/2"}],"replies":[{"embeddable":true,"href":"https:\/\/inclusioaltemporda.cat\/portal\/wp-json\/wp\/v2\/comments?post=3038"}],"version-history":[{"count":4,"href":"https:\/\/inclusioaltemporda.cat\/portal\/wp-json\/wp\/v2\/posts\/3038\/revisions"}],"predecessor-version":[{"id":3042,"href":"https:\/\/inclusioaltemporda.cat\/portal\/wp-json\/wp\/v2\/posts\/3038\/revisions\/3042"}],"wp:featuredmedia":[{"embeddable":true,"href":"https:\/\/inclusioaltemporda.cat\/portal\/wp-json\/wp\/v2\/media\/1729"}],"wp:attachment":[{"href":"https:\/\/inclusioaltemporda.cat\/portal\/wp-json\/wp\/v2\/media?parent=3038"}],"wp:term":[{"taxonomy":"category","embeddable":true,"href":"https:\/\/inclusioaltemporda.cat\/portal\/wp-json\/wp\/v2\/categories?post=3038"},{"taxonomy":"post_tag","embeddable":true,"href":"https:\/\/inclusioaltemporda.cat\/portal\/wp-json\/wp\/v2\/tags?post=3038"}],"curies":[{"name":"wp","href":"https:\/\/api.w.org\/{rel}","templated":true}]}}