{"id":3043,"date":"2014-02-10T08:00:17","date_gmt":"2014-02-10T07:00:17","guid":{"rendered":"https:\/\/inclusioaltemporda.cat\/portal\/?p=3043"},"modified":"2014-03-10T09:37:44","modified_gmt":"2014-03-10T08:37:44","slug":"primer-cicle-de-cinema-classic-organitzat-per-les-aules-de-la-gent-gran","status":"publish","type":"post","link":"https:\/\/inclusioaltemporda.cat\/portal\/primer-cicle-de-cinema-classic-organitzat-per-les-aules-de-la-gent-gran\/","title":{"rendered":"Cicle de cinema cl\u00e0ssic de les Aules de la Gent Gran"},"content":{"rendered":"<div>L\u2019Associaci\u00f3 per a la formaci\u00f3 cultural de la Gent Gran de l\u2019Alt Empord\u00e0 ha programat per al primer semestre de l&#8217;any la <a href=\"https:\/\/inclusioaltemporda.cat\/portal\/wp-content\/uploads\/cicle-cinema-classic.pdf\" target=\"_blank\">primera edici\u00f3 del Cicle de cinema cl\u00e0ssic<\/a>, conjuntament amb La Cate de Figueres, el Cineclub Di\u00f2ptria i el Forum de la Fam\u00edlies Verg\u00e9s Ginjaume. El tret de sortida del cicle es va donar el passat 19 de gener amb l&#8217;exhibici\u00f3 de la pel\u00b7l\u00edcula &#8220;Hist\u00f2ries de Filad\u00e8lfia&#8221;. Les properes projeccions previstes es duran a terme els seg\u00fcents diumenges:<\/p>\n<ul>\n<li>16\/02. La Reina de Africa<\/li>\n<li>16\/03. Ninotchka<\/li>\n<li>\u00a020\/04. Cinco Tumbas al Cairo<\/li>\n<li>\u00a018\/05. Ser o no ser<\/li>\n<\/ul>\n<\/div>\n<div>El preu de l&#8217;entrada per a cada projecci\u00f3 ser\u00e0 de 3 \u20ac (2\u20ac socis de La Cate).<\/p>\n<div>Des de la seva fundaci\u00f3, l\u2019any 2006, l\u2019Associaci\u00f3 per a la formaci\u00f3 cultural de la Gent Gran de l\u2019Alt Empord\u00e0, membre del Consell Consultiu de la Gent Gran de l\u2019Alt Empord\u00e0, ha organitzat any rere any cursos de formaci\u00f3 i altres activitats culturals amb la voluntat d&#8217;ampliar l&#8217;oferta cultural adre\u00e7ada a la gent gran de la comarca.<\/div>\n<\/div>\n","protected":false},"excerpt":{"rendered":"<p>L\u2019Associaci\u00f3 per a la formaci\u00f3 cultural de la Gent Gran de l\u2019Alt Empord\u00e0 ha programat per al primer semestre de l&#8217;any la primera edici\u00f3 del Cicle de cinema cl\u00e0ssic, conjuntament&hellip;<\/p>\n","protected":false},"author":2,"featured_media":1233,"comment_status":"open","ping_status":"open","sticky":false,"template":"","format":"standard","meta":{"footnotes":""},"categories":[101,104,108,11],"tags":[114,47,52,37,38,24,17,51],"class_list":["post-3043","post","type-post","status-publish","format-standard","has-post-thumbnail","hentry","category-ciutadania","category-entitats-socials","category-mitjans-comunicacio","category-taula-inclusio","tag-agenda","tag-consell-consultiu","tag-entitats-de-la-taula","tag-envelliment-actiu","tag-gent-gran","tag-inclusio-social","tag-taula","tag-voluntariat","category-101","category-104","category-108","category-11","description-off"],"_links":{"self":[{"href":"https:\/\/inclusioaltemporda.cat\/portal\/wp-json\/wp\/v2\/posts\/3043","targetHints":{"allow":["GET"]}}],"collection":[{"href":"https:\/\/inclusioaltemporda.cat\/portal\/wp-json\/wp\/v2\/posts"}],"about":[{"href":"https:\/\/inclusioaltemporda.cat\/portal\/wp-json\/wp\/v2\/types\/post"}],"author":[{"embeddable":true,"href":"https:\/\/inclusioaltemporda.cat\/portal\/wp-json\/wp\/v2\/users\/2"}],"replies":[{"embeddable":true,"href":"https:\/\/inclusioaltemporda.cat\/portal\/wp-json\/wp\/v2\/comments?post=3043"}],"version-history":[{"count":10,"href":"https:\/\/inclusioaltemporda.cat\/portal\/wp-json\/wp\/v2\/posts\/3043\/revisions"}],"predecessor-version":[{"id":3825,"href":"https:\/\/inclusioaltemporda.cat\/portal\/wp-json\/wp\/v2\/posts\/3043\/revisions\/3825"}],"wp:featuredmedia":[{"embeddable":true,"href":"https:\/\/inclusioaltemporda.cat\/portal\/wp-json\/wp\/v2\/media\/1233"}],"wp:attachment":[{"href":"https:\/\/inclusioaltemporda.cat\/portal\/wp-json\/wp\/v2\/media?parent=3043"}],"wp:term":[{"taxonomy":"category","embeddable":true,"href":"https:\/\/inclusioaltemporda.cat\/portal\/wp-json\/wp\/v2\/categories?post=3043"},{"taxonomy":"post_tag","embeddable":true,"href":"https:\/\/inclusioaltemporda.cat\/portal\/wp-json\/wp\/v2\/tags?post=3043"}],"curies":[{"name":"wp","href":"https:\/\/api.w.org\/{rel}","templated":true}]}}