{"id":3058,"date":"2014-02-11T08:35:17","date_gmt":"2014-02-11T07:35:17","guid":{"rendered":"https:\/\/inclusioaltemporda.cat\/portal\/?p=3058"},"modified":"2014-03-10T09:37:11","modified_gmt":"2014-03-10T08:37:11","slug":"es-presenten-les-prioritats-2014-2016-del-pacte-per-a-la-lluita-contra-la-pobresa-a-catalunya","status":"publish","type":"post","link":"https:\/\/inclusioaltemporda.cat\/portal\/es-presenten-les-prioritats-2014-2016-del-pacte-per-a-la-lluita-contra-la-pobresa-a-catalunya\/","title":{"rendered":"Prioritats 2014-2016 Pacte per a la lluita contra la pobresa a Catalunya"},"content":{"rendered":"<p>El 5 de febrer passat la consellera de Benestar Social i Fam\u00edlia, Neus Munt\u00e9, va presentar la proposta del Pacte per a la lluita contra la pobresa a Catalunya.<\/p>\n<p>Aquest document, que inclou un Pla d&#8217;acci\u00f3 amb totes les mesures i actuacions que promour\u00e0 el govern fins el 2016 i que comptar\u00e0 amb un pressupost de 850 milions d&#8217;euros aquest any per al seu desenvolupament, ha estat elaborat a partir de les propostes presentades per un grup de treball integrat per entitats del tercer sector social, entitats municipals, col\u00b7legis professionals i professionals de la Generalitat.<\/p>\n<p>El document fixa 13 objectius estrat\u00e8gics emmarcats en 5 eixos d&#8217;actuaci\u00f3: 1) pobresa i inclusi\u00f3 social en la inf\u00e0ncia i l&#8217;adolesc\u00e8ncia; 2) Cobertura de les necessitats b\u00e0siques; 3) Ocupaci\u00f3; 4) Habitatge i 5) \u00c0mbit relacional i comunitari.<\/p>\n<p>A m\u00e9s a m\u00e9s d&#8217;establir les accions priorit\u00e0ries per millorar la situaci\u00f3 de les persones i les fam\u00edlies m\u00e9s vulnerables, els agents que han concertat aquestes l\u00ednies de treball aposten pel Plans Locals d&#8217;Inclusi\u00f3 Social, els Plans de Desenvolupament Comunitari i els Plans de Ciutadania i Immigraci\u00f3 com a instruments per potenciar les estrat\u00e8gies d&#8217;intervenci\u00f3 social i territorial als municipis i comarques del pa\u00eds.<\/p>\n<p>Podeu consultar <a title=\"Pacte per a la lluita contra la pobresa a Catalunya\" href=\"https:\/\/inclusioaltemporda.cat\/portal\/wp-content\/uploads\/PACTE-POBRESA_FEBRER-2014.pdf\">el Pacte per a la lluita contra la pobresa a Catalunya en aquest enlla\u00e7<\/a>.<\/p>\n","protected":false},"excerpt":{"rendered":"<p>El 5 de febrer passat la consellera de Benestar Social i Fam\u00edlia, Neus Munt\u00e9, va presentar la proposta del Pacte per a la lluita contra la pobresa a Catalunya. Aquest&hellip;<\/p>\n","protected":false},"author":3,"featured_media":3061,"comment_status":"open","ping_status":"open","sticky":false,"template":"","format":"standard","meta":{"footnotes":""},"categories":[106,107,101,105,104,103,108,12,102],"tags":[24,16],"class_list":["post-3058","post","type-post","status-publish","format-standard","has-post-thumbnail","hentry","category-administracions","category-centres-recerca-universitats","category-ciutadania","category-empreses","category-entitats-socials","category-estudiants-escoles-instituts","category-mitjans-comunicacio","category-pla-dinclusio-2","category-professionals-ambit-social","tag-inclusio-social","tag-pla-inclusio","category-106","category-107","category-101","category-105","category-104","category-103","category-108","category-12","category-102","description-off"],"_links":{"self":[{"href":"https:\/\/inclusioaltemporda.cat\/portal\/wp-json\/wp\/v2\/posts\/3058","targetHints":{"allow":["GET"]}}],"collection":[{"href":"https:\/\/inclusioaltemporda.cat\/portal\/wp-json\/wp\/v2\/posts"}],"about":[{"href":"https:\/\/inclusioaltemporda.cat\/portal\/wp-json\/wp\/v2\/types\/post"}],"author":[{"embeddable":true,"href":"https:\/\/inclusioaltemporda.cat\/portal\/wp-json\/wp\/v2\/users\/3"}],"replies":[{"embeddable":true,"href":"https:\/\/inclusioaltemporda.cat\/portal\/wp-json\/wp\/v2\/comments?post=3058"}],"version-history":[{"count":5,"href":"https:\/\/inclusioaltemporda.cat\/portal\/wp-json\/wp\/v2\/posts\/3058\/revisions"}],"predecessor-version":[{"id":3824,"href":"https:\/\/inclusioaltemporda.cat\/portal\/wp-json\/wp\/v2\/posts\/3058\/revisions\/3824"}],"wp:featuredmedia":[{"embeddable":true,"href":"https:\/\/inclusioaltemporda.cat\/portal\/wp-json\/wp\/v2\/media\/3061"}],"wp:attachment":[{"href":"https:\/\/inclusioaltemporda.cat\/portal\/wp-json\/wp\/v2\/media?parent=3058"}],"wp:term":[{"taxonomy":"category","embeddable":true,"href":"https:\/\/inclusioaltemporda.cat\/portal\/wp-json\/wp\/v2\/categories?post=3058"},{"taxonomy":"post_tag","embeddable":true,"href":"https:\/\/inclusioaltemporda.cat\/portal\/wp-json\/wp\/v2\/tags?post=3058"}],"curies":[{"name":"wp","href":"https:\/\/api.w.org\/{rel}","templated":true}]}}