{"id":3065,"date":"2014-02-12T08:46:55","date_gmt":"2014-02-12T07:46:55","guid":{"rendered":"https:\/\/inclusioaltemporda.cat\/portal\/?p=3065"},"modified":"2014-03-10T09:36:41","modified_gmt":"2014-03-10T08:36:41","slug":"sessio-del-comite-detica-oberta-a-tots-els-professionals-de-larea-de-benestar","status":"publish","type":"post","link":"https:\/\/inclusioaltemporda.cat\/portal\/sessio-del-comite-detica-oberta-a-tots-els-professionals-de-larea-de-benestar\/","title":{"rendered":"Sessi\u00f3 del Comit\u00e8 d&#8217;\u00c8tica a l&#8217;\u00e0rea de Benestar"},"content":{"rendered":"<p>Aquest mat\u00ed el conjunt de professionals de l&#8217;\u00e0rea de Benestar del Consell Comarcal participaran en una sessi\u00f3 del Comit\u00e8 d&#8217;\u00c8tica en qu\u00e8 es presentaran els objectius i casos treballats fins ara. Joan Canimas, fil\u00f2sof i membre de l&#8217;Observatori d&#8217;\u00c8tica Aplicada del Campus Arnau Escala de Girona, qui est\u00e0 acompanyant en el proc\u00e9s de creaci\u00f3 d&#8217;aquest ens, obrir\u00e0 la sessi\u00f3 amb una intervenci\u00f3 orientada a presentar els objectius i funcions dels Comit\u00e8 d&#8217;\u00c8tica en l&#8217;\u00e0mbit de la intervenci\u00f3 social. Rosa Guix\u00e9, directora t\u00e8cnica de l&#8217;\u00e0rea de Benestar, presentar\u00e0 el Comit\u00e8 d&#8217;\u00c8tica de l&#8217;\u00e0rea de Benestar, el seu reglament i funcionament i Dani S\u00e1nchez, educador social, i\u00a0 Abdessalam Loukan, mediador intercultural, exposaran el cas treballat sobre &#8220;Immigraci\u00f3 i retorn al pa\u00eds d&#8217;origen&#8221;.<\/p>\n<p lang=\"ca-ES\" align=\"JUSTIFY\">La sessi\u00f3 es tancar\u00e0 amb un debat orientat a con\u00e8ixer noves propostes i dilemes susceptibles de treballar en el marc d&#8217;aquest Comit\u00e8.<\/p>\n<p>El Comit\u00e8 d&#8217;\u00c8tica de l&#8217;\u00e0rea de Benestar t\u00e9 com a finalitat reflexionar sobre l&#8217;\u00e8tica aplicada en la intervenci\u00f3 social. Es va posar en marxa el mes de juny de l&#8217;any passat i cada mes es reuneix per debatre i avan\u00e7ar en el desenvolupament de dilemes \u00e8tics identificats pels professionals per tal de facilitar la presa de decisions i les intervencions futures.<\/p>\n","protected":false},"excerpt":{"rendered":"<p>Aquest mat\u00ed el conjunt de professionals de l&#8217;\u00e0rea de Benestar del Consell Comarcal participaran en una sessi\u00f3 del Comit\u00e8 d&#8217;\u00c8tica en qu\u00e8 es presentaran els objectius i casos treballats fins&hellip;<\/p>\n","protected":false},"author":3,"featured_media":3067,"comment_status":"open","ping_status":"open","sticky":false,"template":"","format":"standard","meta":{"footnotes":""},"categories":[106,100,107,101,108,102],"tags":[27,76],"class_list":["post-3065","post","type-post","status-publish","format-standard","has-post-thumbnail","hentry","category-administracions","category-area-benestar","category-centres-recerca-universitats","category-ciutadania","category-mitjans-comunicacio","category-professionals-ambit-social","tag-benestar-ccae","tag-comite-etica","category-106","category-100","category-107","category-101","category-108","category-102","description-off"],"_links":{"self":[{"href":"https:\/\/inclusioaltemporda.cat\/portal\/wp-json\/wp\/v2\/posts\/3065","targetHints":{"allow":["GET"]}}],"collection":[{"href":"https:\/\/inclusioaltemporda.cat\/portal\/wp-json\/wp\/v2\/posts"}],"about":[{"href":"https:\/\/inclusioaltemporda.cat\/portal\/wp-json\/wp\/v2\/types\/post"}],"author":[{"embeddable":true,"href":"https:\/\/inclusioaltemporda.cat\/portal\/wp-json\/wp\/v2\/users\/3"}],"replies":[{"embeddable":true,"href":"https:\/\/inclusioaltemporda.cat\/portal\/wp-json\/wp\/v2\/comments?post=3065"}],"version-history":[{"count":6,"href":"https:\/\/inclusioaltemporda.cat\/portal\/wp-json\/wp\/v2\/posts\/3065\/revisions"}],"predecessor-version":[{"id":3823,"href":"https:\/\/inclusioaltemporda.cat\/portal\/wp-json\/wp\/v2\/posts\/3065\/revisions\/3823"}],"wp:featuredmedia":[{"embeddable":true,"href":"https:\/\/inclusioaltemporda.cat\/portal\/wp-json\/wp\/v2\/media\/3067"}],"wp:attachment":[{"href":"https:\/\/inclusioaltemporda.cat\/portal\/wp-json\/wp\/v2\/media?parent=3065"}],"wp:term":[{"taxonomy":"category","embeddable":true,"href":"https:\/\/inclusioaltemporda.cat\/portal\/wp-json\/wp\/v2\/categories?post=3065"},{"taxonomy":"post_tag","embeddable":true,"href":"https:\/\/inclusioaltemporda.cat\/portal\/wp-json\/wp\/v2\/tags?post=3065"}],"curies":[{"name":"wp","href":"https:\/\/api.w.org\/{rel}","templated":true}]}}