{"id":3080,"date":"2014-02-13T08:00:55","date_gmt":"2014-02-13T07:00:55","guid":{"rendered":"https:\/\/inclusioaltemporda.cat\/portal\/?p=3080"},"modified":"2014-03-07T14:54:00","modified_gmt":"2014-03-07T13:54:00","slug":"projecte-mes-grans-de-suport-entre-generacions-i-families","status":"publish","type":"post","link":"https:\/\/inclusioaltemporda.cat\/portal\/projecte-mes-grans-de-suport-entre-generacions-i-families\/","title":{"rendered":"Projecte \u201cM\u00e9s Grans\u201d de suport entre generacions i fam\u00edlies"},"content":{"rendered":"<p><iframe loading=\"lazy\" id=\"iframe_chapter\" name=\"iframe_chapter\" src=\"http:\/\/tvgirona.xiptv.cat\/embed\/135188?width=500&amp;iframe_width=500&amp;share=&amp;height=281&amp;iframe_height=281\" height=\"281\" width=\"500\" frameborder=\"0\" scrolling=\"no\"><\/iframe><\/p>\n<p>\u201cM\u00e9s Grans\u201d \u00e9s un programa de mentoratge i suport social intergeneracional que t\u00e9 com a finalitat afavorir l\u2019intercanvi i la solidaritat entre generacions (hi participen persones de m\u00e9s de 55 anys, pares i\/o mares i infants), tot promovent experi\u00e8ncies de suport familiar a la comarca que generin un valor social afegit.<\/p>\n<p>Les persones s\u00e8niors que participen en el projecte (sols o en parella) fan de mentors amb fam\u00edlies de risc social lleu mancades de xarxa social. Els mentors s\u00f3n les persones que ofereixen volunt\u00e0riament el seu temps per donar suport i encoratjar altres persones que es troben en situaci\u00f3 de desavantatge, compartint experi\u00e8ncies i coneixements durant un temps.<\/p>\n","protected":false},"excerpt":{"rendered":"<p>\u201cM\u00e9s Grans\u201d \u00e9s un programa de mentoratge i suport social intergeneracional que t\u00e9 com a finalitat afavorir l\u2019intercanvi i la solidaritat entre generacions (hi participen persones de m\u00e9s de 55&hellip;<\/p>\n","protected":false},"author":2,"featured_media":1233,"comment_status":"open","ping_status":"open","sticky":false,"template":"","format":"standard","meta":{"footnotes":""},"categories":[106,100,107,101,103,108,12],"tags":[34,27,37,24,16,31,40,51],"class_list":["post-3080","post","type-post","status-publish","format-standard","has-post-thumbnail","hentry","category-administracions","category-area-benestar","category-centres-recerca-universitats","category-ciutadania","category-estudiants-escoles-instituts","category-mitjans-comunicacio","category-pla-dinclusio-2","tag-aula-professionals","tag-benestar-ccae","tag-envelliment-actiu","tag-inclusio-social","tag-pla-inclusio","tag-projecte-mes-grans","tag-recursos","tag-voluntariat","category-106","category-100","category-107","category-101","category-103","category-108","category-12","description-off"],"_links":{"self":[{"href":"https:\/\/inclusioaltemporda.cat\/portal\/wp-json\/wp\/v2\/posts\/3080","targetHints":{"allow":["GET"]}}],"collection":[{"href":"https:\/\/inclusioaltemporda.cat\/portal\/wp-json\/wp\/v2\/posts"}],"about":[{"href":"https:\/\/inclusioaltemporda.cat\/portal\/wp-json\/wp\/v2\/types\/post"}],"author":[{"embeddable":true,"href":"https:\/\/inclusioaltemporda.cat\/portal\/wp-json\/wp\/v2\/users\/2"}],"replies":[{"embeddable":true,"href":"https:\/\/inclusioaltemporda.cat\/portal\/wp-json\/wp\/v2\/comments?post=3080"}],"version-history":[{"count":2,"href":"https:\/\/inclusioaltemporda.cat\/portal\/wp-json\/wp\/v2\/posts\/3080\/revisions"}],"predecessor-version":[{"id":3082,"href":"https:\/\/inclusioaltemporda.cat\/portal\/wp-json\/wp\/v2\/posts\/3080\/revisions\/3082"}],"wp:featuredmedia":[{"embeddable":true,"href":"https:\/\/inclusioaltemporda.cat\/portal\/wp-json\/wp\/v2\/media\/1233"}],"wp:attachment":[{"href":"https:\/\/inclusioaltemporda.cat\/portal\/wp-json\/wp\/v2\/media?parent=3080"}],"wp:term":[{"taxonomy":"category","embeddable":true,"href":"https:\/\/inclusioaltemporda.cat\/portal\/wp-json\/wp\/v2\/categories?post=3080"},{"taxonomy":"post_tag","embeddable":true,"href":"https:\/\/inclusioaltemporda.cat\/portal\/wp-json\/wp\/v2\/tags?post=3080"}],"curies":[{"name":"wp","href":"https:\/\/api.w.org\/{rel}","templated":true}]}}