{"id":3083,"date":"2014-02-17T09:27:37","date_gmt":"2014-02-17T08:27:37","guid":{"rendered":"https:\/\/inclusioaltemporda.cat\/portal\/?p=3083"},"modified":"2014-03-10T09:36:15","modified_gmt":"2014-03-10T08:36:15","slug":"oberta-la-preinscripcio-al-programa-vacances-en-familia-de-la-xarxa-dalbergs-de-la-generalitat","status":"publish","type":"post","link":"https:\/\/inclusioaltemporda.cat\/portal\/oberta-la-preinscripcio-al-programa-vacances-en-familia-de-la-xarxa-dalbergs-de-la-generalitat\/","title":{"rendered":"Oberta la preinscripci\u00f3 al Programa Vacances en Fam\u00edlia"},"content":{"rendered":"<p>El Departament de Benestar Social i Fam\u00edlia ha obert el per\u00edode de preinscripci\u00f3 del programa Vacances en Fam\u00edlia adre\u00e7at a fam\u00edlies amb fills i filles menors d&#8217;edat, oferint estades de vacances a preus aventatjosos en els albergs de la Xarxa Nacional d&#8217;Albergs Socials de Catalunya (Xanascat), situats en llocs d&#8217;alt inter\u00e8s tur\u00edstic i cultural.<\/p>\n<p>La finalitat d&#8217;aquest programa \u00e9s posar en valor el temps que comparteixen pares, mares i fills i intensificar els seus vincles afectius a la vegada que potenciar i donar a con\u00e8ixer la Xarxa Nacional d&#8217;Albergs Socials.<\/p>\n<p>El programa ofereix places per 26,35 euros per persona i nit en diferents caps de setmana i \u00e8poques de l&#8217;any (Setmana Santa, maig, Sant Joan, estiu, setembre i desembre). Els infants menors de 3 anys tenen l&#8217;estada gratu\u00efta, els de 4-6 anys tenen un 50% de descompte i els de 7-13 anys gaudeixen d&#8217;un descompte del 25%. Les fam\u00edlies nombroses i monoparentals tenen un 10% de descompte addicional en tots els serveis.<\/p>\n<p>Es preveu que un total de 9.023 fam\u00edlies del pa\u00eds puguin gaudir d&#8217;aquest programa l&#8217;any 2014.<\/p>\n<p>El per\u00edode de preinscripci\u00f3 al Programa &#8220;Vacances en fam\u00edlia&#8221; estar\u00e0 obert fins al 24 de febrer i es pot fer la preinscripci\u00f3 mitjan\u00e7ant la<a title=\"web del programa\" href=\"http:\/\/www.xanascat.cat\/shownode.tjc?id=345\"> web del programa<\/a> o la de la <a title=\"Secretaria de Fam\u00edlia\" href=\"http:\/\/www20.gencat.cat\/portal\/site\/bsf\/menuitem.7fca6ecb84d307b43f6c8910b0c0e1a0\/?vgnextoid=f56c350a651a4210VgnVCM1000008d0c1e0aRCRD&amp;vgnextchannel=f56c350a651a4210VgnVCM1000008d0c1e0aRCRD&amp;vgnextfmt=default#Bloc861a96b5558e4210VgnVCM1000008d0c1e0a____\">Secretaria de Fam\u00edlia<\/a>. La formalitzaci\u00f3 de la preinscripci\u00f3 facilita un n\u00famero per participar en un sorteig p\u00fablic davant de notari que es far\u00e0 el 26 de febrer i que servir\u00e0 per assignar les places.<\/p>\n","protected":false},"excerpt":{"rendered":"<p>El Departament de Benestar Social i Fam\u00edlia ha obert el per\u00edode de preinscripci\u00f3 del programa Vacances en Fam\u00edlia adre\u00e7at a fam\u00edlies amb fills i filles menors d&#8217;edat, oferint estades de&hellip;<\/p>\n","protected":false},"author":3,"featured_media":3086,"comment_status":"open","ping_status":"open","sticky":false,"template":"","format":"standard","meta":{"footnotes":""},"categories":[106,101,105,108],"tags":[24],"class_list":["post-3083","post","type-post","status-publish","format-standard","has-post-thumbnail","hentry","category-administracions","category-ciutadania","category-empreses","category-mitjans-comunicacio","tag-inclusio-social","category-106","category-101","category-105","category-108","description-off"],"_links":{"self":[{"href":"https:\/\/inclusioaltemporda.cat\/portal\/wp-json\/wp\/v2\/posts\/3083","targetHints":{"allow":["GET"]}}],"collection":[{"href":"https:\/\/inclusioaltemporda.cat\/portal\/wp-json\/wp\/v2\/posts"}],"about":[{"href":"https:\/\/inclusioaltemporda.cat\/portal\/wp-json\/wp\/v2\/types\/post"}],"author":[{"embeddable":true,"href":"https:\/\/inclusioaltemporda.cat\/portal\/wp-json\/wp\/v2\/users\/3"}],"replies":[{"embeddable":true,"href":"https:\/\/inclusioaltemporda.cat\/portal\/wp-json\/wp\/v2\/comments?post=3083"}],"version-history":[{"count":3,"href":"https:\/\/inclusioaltemporda.cat\/portal\/wp-json\/wp\/v2\/posts\/3083\/revisions"}],"predecessor-version":[{"id":3822,"href":"https:\/\/inclusioaltemporda.cat\/portal\/wp-json\/wp\/v2\/posts\/3083\/revisions\/3822"}],"wp:featuredmedia":[{"embeddable":true,"href":"https:\/\/inclusioaltemporda.cat\/portal\/wp-json\/wp\/v2\/media\/3086"}],"wp:attachment":[{"href":"https:\/\/inclusioaltemporda.cat\/portal\/wp-json\/wp\/v2\/media?parent=3083"}],"wp:term":[{"taxonomy":"category","embeddable":true,"href":"https:\/\/inclusioaltemporda.cat\/portal\/wp-json\/wp\/v2\/categories?post=3083"},{"taxonomy":"post_tag","embeddable":true,"href":"https:\/\/inclusioaltemporda.cat\/portal\/wp-json\/wp\/v2\/tags?post=3083"}],"curies":[{"name":"wp","href":"https:\/\/api.w.org\/{rel}","templated":true}]}}