{"id":3088,"date":"2014-02-18T11:29:42","date_gmt":"2014-02-18T10:29:42","guid":{"rendered":"https:\/\/inclusioaltemporda.cat\/portal\/?p=3088"},"modified":"2014-03-10T09:35:48","modified_gmt":"2014-03-10T08:35:48","slug":"60-infants-de-la-comarca-i-les-seves-families-participen-en-el-servei-de-projectes-preventius-diurns","status":"publish","type":"post","link":"https:\/\/inclusioaltemporda.cat\/portal\/60-infants-de-la-comarca-i-les-seves-families-participen-en-el-servei-de-projectes-preventius-diurns\/","title":{"rendered":"60 infants i fam\u00edlies al Servei de projectes Preventius Di\u00fcrns"},"content":{"rendered":"<p>Aquesta setmana s&#8217;han posat en marxa les trobades amb les fam\u00edlies dels infants de la comarca que participen en el Servei de projectes Preventius Di\u00fcrns.<\/p>\n<p>Aquest servei ofereix als infants de 6 a 12 anys de la comarca un marc educatiu i referencial on incidir en els d\u00e8ficits socioeducatius, familiars i\/o de l&#8217;entorn al mateix temps que afavoreix la consolidaci\u00f3 d&#8217;una xarxa preventiva de proximitat. Els infants que hi participen venen derivats dels Serveis d&#8217;assist\u00e8ncia prim\u00e0ria o b\u00e9 de les escoles.<\/p>\n<p>Des del mes d&#8217;octubre passat un total de 60 fam\u00edlies participen en aquest servei que s&#8217;ofereix als municipis de La Jonquera, Sant Miquel de Fluvi\u00e0 i Sant Pere Pescador.<\/p>\n<p>La finalitat d&#8217;aquestes trobades amb les fam\u00edlies, que s&#8217;organitzen en iniciar i tancar les sessions amb els infants, \u00e9s informar de la funci\u00f3 formativa i educativa del Servei, compartir el suport educatiu amb els pares i mares i promoure una major participaci\u00f3 en els centres educatius.<\/p>\n","protected":false},"excerpt":{"rendered":"<p>Aquesta setmana s&#8217;han posat en marxa les trobades amb les fam\u00edlies dels infants de la comarca que participen en el Servei de projectes Preventius Di\u00fcrns. Aquest servei ofereix als infants&hellip;<\/p>\n","protected":false},"author":3,"featured_media":1836,"comment_status":"open","ping_status":"open","sticky":false,"template":"","format":"standard","meta":{"footnotes":""},"categories":[106,100,101,105,108,102],"tags":[27,89,16],"class_list":["post-3088","post","type-post","status-publish","format-standard","has-post-thumbnail","hentry","category-administracions","category-area-benestar","category-ciutadania","category-empreses","category-mitjans-comunicacio","category-professionals-ambit-social","tag-benestar-ccae","tag-infants-i-families","tag-pla-inclusio","category-106","category-100","category-101","category-105","category-108","category-102","description-off"],"_links":{"self":[{"href":"https:\/\/inclusioaltemporda.cat\/portal\/wp-json\/wp\/v2\/posts\/3088","targetHints":{"allow":["GET"]}}],"collection":[{"href":"https:\/\/inclusioaltemporda.cat\/portal\/wp-json\/wp\/v2\/posts"}],"about":[{"href":"https:\/\/inclusioaltemporda.cat\/portal\/wp-json\/wp\/v2\/types\/post"}],"author":[{"embeddable":true,"href":"https:\/\/inclusioaltemporda.cat\/portal\/wp-json\/wp\/v2\/users\/3"}],"replies":[{"embeddable":true,"href":"https:\/\/inclusioaltemporda.cat\/portal\/wp-json\/wp\/v2\/comments?post=3088"}],"version-history":[{"count":3,"href":"https:\/\/inclusioaltemporda.cat\/portal\/wp-json\/wp\/v2\/posts\/3088\/revisions"}],"predecessor-version":[{"id":3821,"href":"https:\/\/inclusioaltemporda.cat\/portal\/wp-json\/wp\/v2\/posts\/3088\/revisions\/3821"}],"wp:featuredmedia":[{"embeddable":true,"href":"https:\/\/inclusioaltemporda.cat\/portal\/wp-json\/wp\/v2\/media\/1836"}],"wp:attachment":[{"href":"https:\/\/inclusioaltemporda.cat\/portal\/wp-json\/wp\/v2\/media?parent=3088"}],"wp:term":[{"taxonomy":"category","embeddable":true,"href":"https:\/\/inclusioaltemporda.cat\/portal\/wp-json\/wp\/v2\/categories?post=3088"},{"taxonomy":"post_tag","embeddable":true,"href":"https:\/\/inclusioaltemporda.cat\/portal\/wp-json\/wp\/v2\/tags?post=3088"}],"curies":[{"name":"wp","href":"https:\/\/api.w.org\/{rel}","templated":true}]}}