{"id":3092,"date":"2014-02-19T08:47:46","date_gmt":"2014-02-19T07:47:46","guid":{"rendered":"https:\/\/inclusioaltemporda.cat\/portal\/?p=3092"},"modified":"2014-07-31T09:17:06","modified_gmt":"2014-07-31T08:17:06","slug":"larea-de-benestar-organitza-un-seminari-de-formacio-del-projecte-europeu-award-a-figueres","status":"publish","type":"post","link":"https:\/\/inclusioaltemporda.cat\/portal\/larea-de-benestar-organitza-un-seminari-de-formacio-del-projecte-europeu-award-a-figueres\/","title":{"rendered":"Seminari del projecte europeu Award a Figueres"},"content":{"rendered":"<p><!--:CA-->Aquest dijous i divendres, 20 i 21 de febrer,\u00a0 el Consell Comarcal de l&#8217;Alt Empord\u00e0 acollir\u00e0 el seminari de formaci\u00f3 &#8220;Cultura i cohesi\u00f3 social: experi\u00e8ncies i pr\u00e0ctiques des d&#8217;una perspectiva nord-sud&#8221; que organitza l&#8217;\u00e0rea de Benestar en tant que soci del projecte europeu Award.<\/p>\n<p>Aquest seminari t\u00e9 com a objectiu intercanviar experi\u00e8ncies de pol\u00edtiques locals de cooperaci\u00f3, cultura i cohesi\u00f3 social i presentar casos pr\u00e0ctics de cadascun dels socis en la gesti\u00f3 de la diversitat cultural.<\/p>\n<p>L&#8217;obertura del seminari anir\u00e0 a c\u00e0rrec del president del Consell Comarcal, Xavier Sanlleh\u00ed, i ser\u00e0 condu\u00eft per Florent Le Duc, expert en cultura i desenvolupament. El projecte est\u00e0 liderat per l&#8217;ENTP (European New Towns and Pilot Cities Platform) i s\u00f3n tamb\u00e9 socis d&#8217;aquest projecte la ciutat d&#8217;Almere (Pa\u00efsos Baixos); la ciutat de Harlow (Gran Bretanya),\u00a0 la ciutat de Ljubljana, el Peace Institute (Eslov\u00e8nia) i Les Recontres (Associaci\u00f3 Europea de Regions i Ciutats per la Cultura).<\/p>\n<p>El projecte europeu Award,<em> <a title=\"Awareness Raising and Education for Development and Culture\" href=\"http:\/\/www.awardproject.eu\/\">Awareness Raising and Education for Development and Culture<\/a><\/em>, est\u00e0 finan\u00e7at per la Direcci\u00f3 General per al Desenvolupament i la Cooperaci\u00f3 de la Comissi\u00f3 Europea i es va posar en marxa l&#8217;any 2012. T\u00e9 com a finalitat la sensibilitzaci\u00f3 dels agents locals i els organismes europeus sobre la rellev\u00e0ncia de la diversitat cultural i la cooperaci\u00f3 per al desenvolupament.<!--:--><!--:fr--><\/p>\n<p>&nbsp;<br \/>\n<!--:--><\/p>\n","protected":false},"excerpt":{"rendered":"<p><!--:CA-->Aquest seminari t\u00e9 com a objectiu intercanviar experi\u00e8ncies de pol\u00edtiques locals de cooperaci\u00f3, cultura i cohesi\u00f3 social.<!--:--><\/p>\n","protected":false},"author":3,"featured_media":3093,"comment_status":"open","ping_status":"open","sticky":false,"template":"","format":"standard","meta":{"footnotes":""},"categories":[106,100,107,101,104,103,1,108,102,111],"tags":[27,24,70],"class_list":["post-3092","post","type-post","status-publish","format-standard","has-post-thumbnail","hentry","category-administracions","category-area-benestar","category-centres-recerca-universitats","category-ciutadania","category-entitats-socials","category-estudiants-escoles-instituts","category-general","category-mitjans-comunicacio","category-professionals-ambit-social","category-projectes-internacionals","tag-benestar-ccae","tag-inclusio-social","tag-projecte-award","category-106","category-100","category-107","category-101","category-104","category-103","category-1","category-108","category-102","category-111","description-off"],"_links":{"self":[{"href":"https:\/\/inclusioaltemporda.cat\/portal\/wp-json\/wp\/v2\/posts\/3092","targetHints":{"allow":["GET"]}}],"collection":[{"href":"https:\/\/inclusioaltemporda.cat\/portal\/wp-json\/wp\/v2\/posts"}],"about":[{"href":"https:\/\/inclusioaltemporda.cat\/portal\/wp-json\/wp\/v2\/types\/post"}],"author":[{"embeddable":true,"href":"https:\/\/inclusioaltemporda.cat\/portal\/wp-json\/wp\/v2\/users\/3"}],"replies":[{"embeddable":true,"href":"https:\/\/inclusioaltemporda.cat\/portal\/wp-json\/wp\/v2\/comments?post=3092"}],"version-history":[{"count":5,"href":"https:\/\/inclusioaltemporda.cat\/portal\/wp-json\/wp\/v2\/posts\/3092\/revisions"}],"predecessor-version":[{"id":4481,"href":"https:\/\/inclusioaltemporda.cat\/portal\/wp-json\/wp\/v2\/posts\/3092\/revisions\/4481"}],"wp:featuredmedia":[{"embeddable":true,"href":"https:\/\/inclusioaltemporda.cat\/portal\/wp-json\/wp\/v2\/media\/3093"}],"wp:attachment":[{"href":"https:\/\/inclusioaltemporda.cat\/portal\/wp-json\/wp\/v2\/media?parent=3092"}],"wp:term":[{"taxonomy":"category","embeddable":true,"href":"https:\/\/inclusioaltemporda.cat\/portal\/wp-json\/wp\/v2\/categories?post=3092"},{"taxonomy":"post_tag","embeddable":true,"href":"https:\/\/inclusioaltemporda.cat\/portal\/wp-json\/wp\/v2\/tags?post=3092"}],"curies":[{"name":"wp","href":"https:\/\/api.w.org\/{rel}","templated":true}]}}