{"id":3095,"date":"2014-02-24T09:01:52","date_gmt":"2014-02-24T08:01:52","guid":{"rendered":"https:\/\/inclusioaltemporda.cat\/portal\/?p=3095"},"modified":"2014-03-10T09:27:44","modified_gmt":"2014-03-10T08:27:44","slug":"curs-de-premonitors-dactivitats-deducacio-en-el-lleure-per-a-joves-de-14-a-17-anys-a-lalt-emporda","status":"publish","type":"post","link":"https:\/\/inclusioaltemporda.cat\/portal\/curs-de-premonitors-dactivitats-deducacio-en-el-lleure-per-a-joves-de-14-a-17-anys-a-lalt-emporda\/","title":{"rendered":"Cursos premonitors activitats educaci\u00f3 en el lleure per a joves"},"content":{"rendered":"<p><!--:CA-->Del 14 al 16 d&#8217;abril tindran lloc els Cursos de premonitors intensius d&#8217;activitats d&#8217;educaci\u00f3 en el lleure de Setmana Santa a la comarca de l&#8217;Alt Empord\u00e0.<\/p>\n<p>Aquests cursos s\u00f3n una introducci\u00f3 al m\u00f3n de l&#8217;educaci\u00f3 en el temps lliure pensats per als joves de 14 a 17 anys que tinguin inter\u00e8s a formar-se en el camp del lleure educatiu.<\/p>\n<p>El curs de Premonitor 1 (joves 14-15 anys) es dur\u00e0 a terme a la Casa de Col\u00f2nies ca n&#8217;Oliver de Pont\u00f3s mentre que el curs de Premonitor 2 (joves 16-17 anys) s&#8217;impartir\u00e0 a la Casa de Col\u00f2nies casal de l&#8217;Albera de La Jonquera.<\/p>\n<p>Les inscripcions del curs les podeu tramitar al Servei Comarcal de Joventut de l&#8217;Alt Empord\u00e0 (c. Anicet Pag\u00e8s, 2 &#8211; Tel. 972 673 728) a Figueres i al punt jove dels municipis. El preu dels cursos \u00e9s de 155 euros.<\/p>\n<p>Per a m\u00e9s informaci\u00f3 podeu consultar a la p\u00e0gina web <a title=\"www.emporda.org\" href=\"http:\/\/emporda.org\/\">www.emporda.org<\/a><!--:--><!--:en-->Del 14 al 16 d&#8217;abril tindran lloc els Cursos de premonitors intensius d&#8217;activitats d&#8217;educaci\u00f3 en el lleure de Setmana Santa a la comarca de l&#8217;Alt Empord\u00e0.<\/p>\n<p>Aquests cursos s\u00f3n una introducci\u00f3 al m\u00f3n de l&#8217;educaci\u00f3 en el temps lliure pensats per als joves de 14 a 17 anys que tinguin inter\u00e8s a formar-se en el camp del lleure educatiu.<\/p>\n<p>El curs de Premonitor 1 (joves 14-15 anys) es dur\u00e0 a terme a la Casa de Col\u00f2nies ca n&#8217;Oliver de Pont\u00f3s mentre que el curs de Premonitor 2 (joves 16-17 anys) s&#8217;impartir\u00e0 a la Casa de Col\u00f2nies casal de l&#8217;Albera de La Jonquera.<\/p>\n<p>Les inscripcions del curs les podeu tramitar al Servei Comarcal de Joventut de l&#8217;Alt Empord\u00e0 (c. Anicet Pag\u00e8s, 2 &#8211; Tel. 972 673 728) a Figueres i al punt jove dels municipis. El preu dels cursos \u00e9s de 155 euros.<\/p>\n<p>Per a m\u00e9s informaci\u00f3 podeu consultar a la p\u00e0gina web <a title=\"www.emporda.org\" href=\"http:\/\/emporda.org\/\">www.emporda.org<\/a><!--:--><!--:fr-->Del 14 al 16 d&#8217;abril tindran lloc els Cursos de premonitors intensius d&#8217;activitats d&#8217;educaci\u00f3 en el lleure de Setmana Santa a la comarca de l&#8217;Alt Empord\u00e0.<\/p>\n<p>Aquests cursos s\u00f3n una introducci\u00f3 al m\u00f3n de l&#8217;educaci\u00f3 en el temps lliure pensats per als joves de 14 a 17 anys que tinguin inter\u00e8s a formar-se en el camp del lleure educatiu.<\/p>\n<p>El curs de Premonitor 1 (joves 14-15 anys) es dur\u00e0 a terme a la Casa de Col\u00f2nies ca n&#8217;Oliver de Pont\u00f3s mentre que el curs de Premonitor 2 (joves 16-17 anys) s&#8217;impartir\u00e0 a la Casa de Col\u00f2nies casal de l&#8217;Albera de La Jonquera.<\/p>\n<p>Les inscripcions del curs les podeu tramitar al Servei Comarcal de Joventut de l&#8217;Alt Empord\u00e0 (c. Anicet Pag\u00e8s, 2 &#8211; Tel. 972 673 728) a Figueres i al punt jove dels municipis. El preu dels cursos \u00e9s de 155 euros.<\/p>\n<p>Per a m\u00e9s informaci\u00f3 podeu consultar a la p\u00e0gina web <a title=\"www.emporda.org\" href=\"http:\/\/emporda.org\/\">www.emporda.org<\/a><!--:--><!--:es-->Del 14 al 16 d&#8217;abril tindran lloc els Cursos de premonitors intensius d&#8217;activitats d&#8217;educaci\u00f3 en el lleure de Setmana Santa a la comarca de l&#8217;Alt Empord\u00e0.<\/p>\n<p>Aquests cursos s\u00f3n una introducci\u00f3 al m\u00f3n de l&#8217;educaci\u00f3 en el temps lliure pensats per als joves de 14 a 17 anys que tinguin inter\u00e8s a formar-se en el camp del lleure educatiu.<\/p>\n<p>El curs de Premonitor 1 (joves 14-15 anys) es dur\u00e0 a terme a la Casa de Col\u00f2nies ca n&#8217;Oliver de Pont\u00f3s mentre que el curs de Premonitor 2 (joves 16-17 anys) s&#8217;impartir\u00e0 a la Casa de Col\u00f2nies casal de l&#8217;Albera de La Jonquera.<\/p>\n<p>Les inscripcions del curs les podeu tramitar al Servei Comarcal de Joventut de l&#8217;Alt Empord\u00e0 (c. Anicet Pag\u00e8s, 2 &#8211; Tel. 972 673 728) a Figueres i al punt jove dels municipis. El preu dels cursos \u00e9s de 155 euros.<\/p>\n<p>Per a m\u00e9s informaci\u00f3 podeu consultar a la p\u00e0gina web <a title=\"www.emporda.org\" href=\"http:\/\/emporda.org\/\">www.emporda.org<\/a><!--:--><\/p>\n","protected":false},"excerpt":{"rendered":"<p><!--:CA-->Aquests cursos s\u00f3n una introducci\u00f3 al m\u00f3n de l&#8217;educaci\u00f3 en el temps lliure pensats per als joves de 14 a 17 anys<!--:--><\/p>\n","protected":false},"author":3,"featured_media":1553,"comment_status":"open","ping_status":"open","sticky":false,"template":"","format":"standard","meta":{"footnotes":""},"categories":[106,101,104,103,1,108],"tags":[114,113,65],"class_list":["post-3095","post","type-post","status-publish","format-standard","has-post-thumbnail","hentry","category-administracions","category-ciutadania","category-entitats-socials","category-estudiants-escoles-instituts","category-general","category-mitjans-comunicacio","tag-agenda","tag-formacio","tag-joves","category-106","category-101","category-104","category-103","category-1","category-108","description-off"],"_links":{"self":[{"href":"https:\/\/inclusioaltemporda.cat\/portal\/wp-json\/wp\/v2\/posts\/3095","targetHints":{"allow":["GET"]}}],"collection":[{"href":"https:\/\/inclusioaltemporda.cat\/portal\/wp-json\/wp\/v2\/posts"}],"about":[{"href":"https:\/\/inclusioaltemporda.cat\/portal\/wp-json\/wp\/v2\/types\/post"}],"author":[{"embeddable":true,"href":"https:\/\/inclusioaltemporda.cat\/portal\/wp-json\/wp\/v2\/users\/3"}],"replies":[{"embeddable":true,"href":"https:\/\/inclusioaltemporda.cat\/portal\/wp-json\/wp\/v2\/comments?post=3095"}],"version-history":[{"count":6,"href":"https:\/\/inclusioaltemporda.cat\/portal\/wp-json\/wp\/v2\/posts\/3095\/revisions"}],"predecessor-version":[{"id":3817,"href":"https:\/\/inclusioaltemporda.cat\/portal\/wp-json\/wp\/v2\/posts\/3095\/revisions\/3817"}],"wp:featuredmedia":[{"embeddable":true,"href":"https:\/\/inclusioaltemporda.cat\/portal\/wp-json\/wp\/v2\/media\/1553"}],"wp:attachment":[{"href":"https:\/\/inclusioaltemporda.cat\/portal\/wp-json\/wp\/v2\/media?parent=3095"}],"wp:term":[{"taxonomy":"category","embeddable":true,"href":"https:\/\/inclusioaltemporda.cat\/portal\/wp-json\/wp\/v2\/categories?post=3095"},{"taxonomy":"post_tag","embeddable":true,"href":"https:\/\/inclusioaltemporda.cat\/portal\/wp-json\/wp\/v2\/tags?post=3095"}],"curies":[{"name":"wp","href":"https:\/\/api.w.org\/{rel}","templated":true}]}}