{"id":3713,"date":"2014-03-08T10:21:15","date_gmt":"2014-03-08T09:21:15","guid":{"rendered":"https:\/\/inclusioaltemporda.cat\/portal\/?p=3713"},"modified":"2014-03-10T10:22:34","modified_gmt":"2014-03-10T09:22:34","slug":"dia-internacional-de-la-dona","status":"publish","type":"post","link":"https:\/\/inclusioaltemporda.cat\/portal\/dia-internacional-de-la-dona\/","title":{"rendered":"Dia Internacional de la Dona"},"content":{"rendered":"<p>El Grup de Dones de l&#8217;Alt Empord\u00e0 Gl\u00f2ria Compte ha programat per dem\u00e0 8 de mar\u00e7, Dia Internacional de la Dona, una agenda d&#8217;actes per celebrar aquesta diada.<\/p>\n<p>A les 11 del mat\u00ed a la pla\u00e7a de l&#8217;Ajuntament de Figueres es far\u00e0 la Lectura del Manifest del Dia de la Dona i hi ha diferents activitats i actuacions musicals previstes.<\/p>\n<p>A les 6 de la tarda al caf\u00e8 literari Delicathesen s&#8217;ha previst una tarda de poesia i narracions amb la participaci\u00f3 del grup versus.cat<\/p>\n","protected":false},"excerpt":{"rendered":"<p>El Grup de Dones de l&#8217;Alt Empord\u00e0 Gl\u00f2ria Compte ha programat per dem\u00e0 8 de mar\u00e7, Dia Internacional de la Dona, una agenda d&#8217;actes per celebrar aquesta diada.<\/p>\n","protected":false},"author":3,"featured_media":3714,"comment_status":"open","ping_status":"open","sticky":false,"template":"","format":"standard","meta":{"footnotes":""},"categories":[101,105,104,103,1,108],"tags":[],"class_list":["post-3713","post","type-post","status-publish","format-standard","has-post-thumbnail","hentry","category-ciutadania","category-empreses","category-entitats-socials","category-estudiants-escoles-instituts","category-general","category-mitjans-comunicacio","category-101","category-105","category-104","category-103","category-1","category-108","description-off"],"_links":{"self":[{"href":"https:\/\/inclusioaltemporda.cat\/portal\/wp-json\/wp\/v2\/posts\/3713","targetHints":{"allow":["GET"]}}],"collection":[{"href":"https:\/\/inclusioaltemporda.cat\/portal\/wp-json\/wp\/v2\/posts"}],"about":[{"href":"https:\/\/inclusioaltemporda.cat\/portal\/wp-json\/wp\/v2\/types\/post"}],"author":[{"embeddable":true,"href":"https:\/\/inclusioaltemporda.cat\/portal\/wp-json\/wp\/v2\/users\/3"}],"replies":[{"embeddable":true,"href":"https:\/\/inclusioaltemporda.cat\/portal\/wp-json\/wp\/v2\/comments?post=3713"}],"version-history":[{"count":3,"href":"https:\/\/inclusioaltemporda.cat\/portal\/wp-json\/wp\/v2\/posts\/3713\/revisions"}],"predecessor-version":[{"id":5122,"href":"https:\/\/inclusioaltemporda.cat\/portal\/wp-json\/wp\/v2\/posts\/3713\/revisions\/5122"}],"wp:featuredmedia":[{"embeddable":true,"href":"https:\/\/inclusioaltemporda.cat\/portal\/wp-json\/wp\/v2\/media\/3714"}],"wp:attachment":[{"href":"https:\/\/inclusioaltemporda.cat\/portal\/wp-json\/wp\/v2\/media?parent=3713"}],"wp:term":[{"taxonomy":"category","embeddable":true,"href":"https:\/\/inclusioaltemporda.cat\/portal\/wp-json\/wp\/v2\/categories?post=3713"},{"taxonomy":"post_tag","embeddable":true,"href":"https:\/\/inclusioaltemporda.cat\/portal\/wp-json\/wp\/v2\/tags?post=3713"}],"curies":[{"name":"wp","href":"https:\/\/api.w.org\/{rel}","templated":true}]}}