{"id":3807,"date":"2014-03-10T09:05:10","date_gmt":"2014-03-10T08:05:10","guid":{"rendered":"https:\/\/inclusioaltemporda.cat\/portal\/?p=3807"},"modified":"2014-03-10T10:21:43","modified_gmt":"2014-03-10T09:21:43","slug":"reunio-de-treball-del-projecte-labour-plus-a-amsterdam","status":"publish","type":"post","link":"https:\/\/inclusioaltemporda.cat\/portal\/reunio-de-treball-del-projecte-labour-plus-a-amsterdam\/","title":{"rendered":"Reuni\u00f3 de treball del projecte Labour Plus a Amsterdam"},"content":{"rendered":"<p>L&#8217;Equip T\u00e8cnic d&#8217;Inclusi\u00f3 participa aquesta setmana en una reuni\u00f3 de continguts del projecte europeu Labour Plus a la ciutat d&#8217;Amsterdam.<\/p>\n<p>L&#8217;\u00e0rea de Benestar del Consell Comarcal \u00e9s el soci encarregat de liderar els continguts dels projecte Labour Plus. L&#8217;objectiu d&#8217;aquesta trobada amb els socis \u00e9s revisar l&#8217;estat de les accions en curs que estan duent a terme els pa\u00efsos participants aix\u00ed com concretar la transfer\u00e8ncia de bones pr\u00e0ctiques entre socis i presentar els plans d&#8217;implementaci\u00f3 local que es promouran al llarg d&#8217;aquest any.<\/p>\n<p>La comarca de l&#8217;Alt Empord\u00e0 participar\u00e0 en l&#8217;intercanvi de bones pr\u00e0ctiques entre socis organitzant el proper mes de juny a Figueres una jornada t\u00e8cnica de formaci\u00f3 sobre la gesti\u00f3 de la diversitat en l&#8217;\u00e0mbit local, adre\u00e7ada a professionals de les administracions locals, empreses, entitats i mitjans de comunicaci\u00f3. Igualment, l&#8217;\u00e0rea de Benestar preveu implementar en els propers mesos una acci\u00f3 pilot en el territori orientada a facilitar noves aproximacions i recursos per facilitar la inclusi\u00f3 social i laboral dels joves d&#8217;origen immigrant a la comarca.<\/p>\n<p>El projecte Labour Plus t\u00e9 com a finalitat intercanviar experi\u00e8ncies a nivell europeu i dissenyar una eina d&#8217;integraci\u00f3 laboral per millorar la situaci\u00f3 sociolaboral de la poblaci\u00f3 d&#8217;origen immigrant. La xarxa de treball del projecte Labour Plus est\u00e0 integrada per 11 socis europeus i es va posar en marxa l\u2019any 2012. <a title=\"Labour Plus\" href=\"http:\/\/www.labourplus.eu\/\">Si teniu inter\u00e8s a con\u00e8ixer m\u00e9s a fons el projecte podeu accedir a la web des d&#8217;aquest enlla\u00e7<\/a>.<\/p>\n<p>&nbsp;<\/p>\n","protected":false},"excerpt":{"rendered":"<p>L&#8217;Equip T\u00e8cnic d&#8217;Inclusi\u00f3 participa aquesta setmana en una reuni\u00f3 de continguts del projecte europeu Labour Plus a la ciutat d&#8217;Amsterdam.<\/p>\n","protected":false},"author":3,"featured_media":3809,"comment_status":"open","ping_status":"open","sticky":false,"template":"","format":"standard","meta":{"footnotes":""},"categories":[106,100,107,101,105,104,1,108,111],"tags":[],"class_list":["post-3807","post","type-post","status-publish","format-standard","has-post-thumbnail","hentry","category-administracions","category-area-benestar","category-centres-recerca-universitats","category-ciutadania","category-empreses","category-entitats-socials","category-general","category-mitjans-comunicacio","category-projectes-internacionals","category-106","category-100","category-107","category-101","category-105","category-104","category-1","category-108","category-111","description-off"],"_links":{"self":[{"href":"https:\/\/inclusioaltemporda.cat\/portal\/wp-json\/wp\/v2\/posts\/3807","targetHints":{"allow":["GET"]}}],"collection":[{"href":"https:\/\/inclusioaltemporda.cat\/portal\/wp-json\/wp\/v2\/posts"}],"about":[{"href":"https:\/\/inclusioaltemporda.cat\/portal\/wp-json\/wp\/v2\/types\/post"}],"author":[{"embeddable":true,"href":"https:\/\/inclusioaltemporda.cat\/portal\/wp-json\/wp\/v2\/users\/3"}],"replies":[{"embeddable":true,"href":"https:\/\/inclusioaltemporda.cat\/portal\/wp-json\/wp\/v2\/comments?post=3807"}],"version-history":[{"count":5,"href":"https:\/\/inclusioaltemporda.cat\/portal\/wp-json\/wp\/v2\/posts\/3807\/revisions"}],"predecessor-version":[{"id":3816,"href":"https:\/\/inclusioaltemporda.cat\/portal\/wp-json\/wp\/v2\/posts\/3807\/revisions\/3816"}],"wp:featuredmedia":[{"embeddable":true,"href":"https:\/\/inclusioaltemporda.cat\/portal\/wp-json\/wp\/v2\/media\/3809"}],"wp:attachment":[{"href":"https:\/\/inclusioaltemporda.cat\/portal\/wp-json\/wp\/v2\/media?parent=3807"}],"wp:term":[{"taxonomy":"category","embeddable":true,"href":"https:\/\/inclusioaltemporda.cat\/portal\/wp-json\/wp\/v2\/categories?post=3807"},{"taxonomy":"post_tag","embeddable":true,"href":"https:\/\/inclusioaltemporda.cat\/portal\/wp-json\/wp\/v2\/tags?post=3807"}],"curies":[{"name":"wp","href":"https:\/\/api.w.org\/{rel}","templated":true}]}}