{"id":3850,"date":"2014-03-13T10:43:48","date_gmt":"2014-03-13T09:43:48","guid":{"rendered":"https:\/\/inclusioaltemporda.cat\/portal\/?p=3850"},"modified":"2014-03-13T10:50:35","modified_gmt":"2014-03-13T09:50:35","slug":"larea-de-benestar-presenta-el-projecte-mae-al-col%c2%b7legi-de-psicolegs","status":"publish","type":"post","link":"https:\/\/inclusioaltemporda.cat\/portal\/larea-de-benestar-presenta-el-projecte-mae-al-col%c2%b7legi-de-psicolegs\/","title":{"rendered":"L&#8217;\u00c0rea de Benestar presenta el projecte MAE al Col\u00b7legi de Psic\u00f2legs"},"content":{"rendered":"<p>L&#8217;equip del projecte Mentoria Alt Empord\u00e0 presenta avui l&#8217;experi\u00e8ncia en el quart Cicle de debats sobre prevenci\u00f3 i tractament de les viol\u00e8ncies familiars.<\/p>\n<p>El cicle, organitzat pel <a href=\"http:\/\/www.copc.org\/Paginas\/Ficha.aspx?IdMenu=A2238BD0-3048-4D9D-AB8C-C91C6FDFD475\" target=\"_blank\">Col\u00b7legi Oficial de Psic\u00f2legs de Catalunya<\/a> i el<a href=\"http:\/\/www.il3.ub.edu\/ca\/master\/master-prevencio-tractament-violencia-familiar.html_1850970542.html\" target=\"_blank\"> M\u00e0ster en prevenci\u00f3 i tractament de la viol\u00e8ncia familiar de la Universitat de Barcelona<\/a>, centra l&#8217;atenci\u00f3 en experi\u00e8ncies en l&#8217;\u00e0mbit de la prevenci\u00f3 i abordatge de les diferents manifestacions de la viol\u00e8ncia familiar, que s\u00f3n presentades pels investigadors en l&#8217;\u00e0mbit o professionals actius en l&#8217;atenci\u00f3.<\/p>\n<p>Sota el t\u00edtol &#8220;El mentoratge intergeneracional com a eina de suport a les fam\u00edlies&#8221; el Consell Comarcal presentar\u00e0 el projecte Mentoratge Alt Empord\u00e0. Aquesta experi\u00e8ncia t\u00e9 el seu origen en el <a href=\"https:\/\/inclusioaltemporda.cat\/portal\/?s=m%C3%A9s+grans\">projecte pilot M\u00e9s Grans<\/a>, dut a terme durant l&#8217;any 2013 a la comarca, i t\u00e9 com a objectiu\u00a0 promoure el mentoratge i el suport social intergeneracional per tal d&#8217;afavorir l\u2019intercanvi i la solidaritat entre generacions, tot promovent experi\u00e8ncies de suport familiar que generin un valor social afegit.<\/p>\n<p>Podeu consultar la resta d&#8217;activitats del Cicle de debats en <a href=\"http:\/\/www.copc.org\/Documentos\/formacio\/D%C3%ADpticSocial.pdf\">aquest enlla\u00e7<\/a>.<\/p>\n","protected":false},"excerpt":{"rendered":"<p>L&#8217;equip del projecte Mentoria Alt Empord\u00e0 presenta avui l&#8217;experi\u00e8ncia en el quart Cicle de debats sobre prevenci\u00f3 i tractament de les viol\u00e8ncies familiars.<\/p>\n","protected":false},"author":2,"featured_media":3853,"comment_status":"open","ping_status":"open","sticky":false,"template":"","format":"standard","meta":{"footnotes":""},"categories":[106,100,107,101,103,1,108,102],"tags":[],"class_list":["post-3850","post","type-post","status-publish","format-standard","has-post-thumbnail","hentry","category-administracions","category-area-benestar","category-centres-recerca-universitats","category-ciutadania","category-estudiants-escoles-instituts","category-general","category-mitjans-comunicacio","category-professionals-ambit-social","category-106","category-100","category-107","category-101","category-103","category-1","category-108","category-102","description-off"],"_links":{"self":[{"href":"https:\/\/inclusioaltemporda.cat\/portal\/wp-json\/wp\/v2\/posts\/3850","targetHints":{"allow":["GET"]}}],"collection":[{"href":"https:\/\/inclusioaltemporda.cat\/portal\/wp-json\/wp\/v2\/posts"}],"about":[{"href":"https:\/\/inclusioaltemporda.cat\/portal\/wp-json\/wp\/v2\/types\/post"}],"author":[{"embeddable":true,"href":"https:\/\/inclusioaltemporda.cat\/portal\/wp-json\/wp\/v2\/users\/2"}],"replies":[{"embeddable":true,"href":"https:\/\/inclusioaltemporda.cat\/portal\/wp-json\/wp\/v2\/comments?post=3850"}],"version-history":[{"count":5,"href":"https:\/\/inclusioaltemporda.cat\/portal\/wp-json\/wp\/v2\/posts\/3850\/revisions"}],"predecessor-version":[{"id":3857,"href":"https:\/\/inclusioaltemporda.cat\/portal\/wp-json\/wp\/v2\/posts\/3850\/revisions\/3857"}],"wp:featuredmedia":[{"embeddable":true,"href":"https:\/\/inclusioaltemporda.cat\/portal\/wp-json\/wp\/v2\/media\/3853"}],"wp:attachment":[{"href":"https:\/\/inclusioaltemporda.cat\/portal\/wp-json\/wp\/v2\/media?parent=3850"}],"wp:term":[{"taxonomy":"category","embeddable":true,"href":"https:\/\/inclusioaltemporda.cat\/portal\/wp-json\/wp\/v2\/categories?post=3850"},{"taxonomy":"post_tag","embeddable":true,"href":"https:\/\/inclusioaltemporda.cat\/portal\/wp-json\/wp\/v2\/tags?post=3850"}],"curies":[{"name":"wp","href":"https:\/\/api.w.org\/{rel}","templated":true}]}}