{"id":3859,"date":"2014-03-14T08:37:06","date_gmt":"2014-03-14T07:37:06","guid":{"rendered":"https:\/\/inclusioaltemporda.cat\/portal\/?p=3859"},"modified":"2014-03-14T08:39:07","modified_gmt":"2014-03-14T07:39:07","slug":"conferencia-prevencio-i-deteccio-transtors-conducta-alimentaria-dels-joves","status":"publish","type":"post","link":"https:\/\/inclusioaltemporda.cat\/portal\/conferencia-prevencio-i-deteccio-transtors-conducta-alimentaria-dels-joves\/","title":{"rendered":"Confer\u00e8ncia: Prevenci\u00f3 i detecci\u00f3 transtors conducta aliment\u00e0ria dels joves"},"content":{"rendered":"<p>El proper dimecres, 19 de mar\u00e7, Cristina Carretero, directora de programes de la Fundaci\u00f3 Imatge-ACAB, impartir\u00e0 aquesta confer\u00e8ncia.<\/p>\n<p>Amb el t\u00edtol &#8220;Com prevenir i detectar de manera preco\u00e7 els transtorns de la conducta aliment\u00e0ria. L&#8217;autoestima, la imatge i els joves&#8221;, aquesta confer\u00e8ncia est\u00e0 adre\u00e7ada a agents de salut, professors\/es, pares i mares i professionals que treballen amb joves a la comarca de l&#8217;Alt Empord\u00e0.<\/p>\n<p>Aquest acte, organitzat pel Consell Comarcal i la Taula interinstitucional de salut juvenil,\u00a0 tindr\u00e0 lloc a la sala de plens del Consell Comarcal a les 16:00 h.<\/p>\n<p>Col\u00b7laboren en la seva organitzaci\u00f3 la Fundaci\u00f3 Imatge-ACAB, el Servei Educatiu de l&#8217;Alt Empord\u00e0, l&#8217;Obra social de la Caixa i l&#8217;Oficina de Joventut Figueres-Alt Empord\u00e0.<\/p>\n","protected":false},"excerpt":{"rendered":"<p>El proper dimecres, 19 de mar\u00e7, Cristina Carretero, directora de programes de la Fundaci\u00f3 Imatge-ACAB, impartir\u00e0 aquesta confer\u00e8ncia.<\/p>\n","protected":false},"author":3,"featured_media":2695,"comment_status":"open","ping_status":"open","sticky":false,"template":"","format":"standard","meta":{"footnotes":""},"categories":[106,100,101,104,103,1,108,102],"tags":[],"class_list":["post-3859","post","type-post","status-publish","format-standard","has-post-thumbnail","hentry","category-administracions","category-area-benestar","category-ciutadania","category-entitats-socials","category-estudiants-escoles-instituts","category-general","category-mitjans-comunicacio","category-professionals-ambit-social","category-106","category-100","category-101","category-104","category-103","category-1","category-108","category-102","description-off"],"_links":{"self":[{"href":"https:\/\/inclusioaltemporda.cat\/portal\/wp-json\/wp\/v2\/posts\/3859","targetHints":{"allow":["GET"]}}],"collection":[{"href":"https:\/\/inclusioaltemporda.cat\/portal\/wp-json\/wp\/v2\/posts"}],"about":[{"href":"https:\/\/inclusioaltemporda.cat\/portal\/wp-json\/wp\/v2\/types\/post"}],"author":[{"embeddable":true,"href":"https:\/\/inclusioaltemporda.cat\/portal\/wp-json\/wp\/v2\/users\/3"}],"replies":[{"embeddable":true,"href":"https:\/\/inclusioaltemporda.cat\/portal\/wp-json\/wp\/v2\/comments?post=3859"}],"version-history":[{"count":5,"href":"https:\/\/inclusioaltemporda.cat\/portal\/wp-json\/wp\/v2\/posts\/3859\/revisions"}],"predecessor-version":[{"id":3864,"href":"https:\/\/inclusioaltemporda.cat\/portal\/wp-json\/wp\/v2\/posts\/3859\/revisions\/3864"}],"wp:featuredmedia":[{"embeddable":true,"href":"https:\/\/inclusioaltemporda.cat\/portal\/wp-json\/wp\/v2\/media\/2695"}],"wp:attachment":[{"href":"https:\/\/inclusioaltemporda.cat\/portal\/wp-json\/wp\/v2\/media?parent=3859"}],"wp:term":[{"taxonomy":"category","embeddable":true,"href":"https:\/\/inclusioaltemporda.cat\/portal\/wp-json\/wp\/v2\/categories?post=3859"},{"taxonomy":"post_tag","embeddable":true,"href":"https:\/\/inclusioaltemporda.cat\/portal\/wp-json\/wp\/v2\/tags?post=3859"}],"curies":[{"name":"wp","href":"https:\/\/api.w.org\/{rel}","templated":true}]}}