{"id":3870,"date":"2014-03-17T08:45:08","date_gmt":"2014-03-17T07:45:08","guid":{"rendered":"https:\/\/inclusioaltemporda.cat\/portal\/?p=3870"},"modified":"2014-03-17T08:48:44","modified_gmt":"2014-03-17T07:48:44","slug":"estudi-sobre-parentalitat-i-violencia-de-genere","status":"publish","type":"post","link":"https:\/\/inclusioaltemporda.cat\/portal\/estudi-sobre-parentalitat-i-violencia-de-genere\/","title":{"rendered":"El SIAD col\u00b7labora en un estudi sobre parentalitat i viol\u00e8ncia de g\u00e8nere"},"content":{"rendered":"<p>El Servei d&#8217;Informaci\u00f3 i Atenci\u00f3 a les Dones (SIAD) del Consell Comarcal de l&#8217;Alt Empord\u00e0 col\u00b7labora en la realitzaci\u00f3 d&#8217;una recerca sobre parentalitat i viol\u00e8ncia de g\u00e8nere.<\/p>\n<p>Aquest estudi, promogut per un equip interdisciplinar del M\u00e0ster en Ter\u00e0pia Familiar Sist\u00e8mica de la Universitat Aut\u00f2noma de Barcelona-Hospital de la Santa Creu i Sant Pau, t\u00e9 com a objectiu aprofundir en l&#8217;estudi de la parentalitat en les mares que han patit viol\u00e8ncia de g\u00e8nere.<\/p>\n<p>La recerca quantitativa vol observar com \u00e9s la relaci\u00f3 de parentalitat entre mares i fills\/es en el present i com van viure aquestes mares la parentalitat dels seus pares. La mostra estar\u00e0 configurada per fam\u00edlies monomarentals amb fills\/filles majors de 10 anys.<\/p>\n<p>A m\u00e9s del SIAD del Consell Comarcal de l&#8217;Alt Empord\u00e0 col\u00b7laboren en aquest estudi els serveis dels municipis de Palam\u00f3s, Santa Coloma de Farners, Lloret de Mar i Figueres.<\/p>\n<p>&nbsp;<\/p>\n","protected":false},"excerpt":{"rendered":"<p>El Servei d&#8217;Informaci\u00f3 i Atenci\u00f3 a les Dones (SIAD) del Consell Comarcal col\u00b7labora en la realitzaci\u00f3 d&#8217;una recerca sobre parentalitat i viol\u00e8ncia de g\u00e8nere.<\/p>\n","protected":false},"author":3,"featured_media":3871,"comment_status":"open","ping_status":"open","sticky":false,"template":"","format":"standard","meta":{"footnotes":""},"categories":[106,33,100,107,101,1,108,13],"tags":[],"class_list":["post-3870","post","type-post","status-publish","format-standard","has-post-thumbnail","hentry","category-administracions","category-agenda","category-area-benestar","category-centres-recerca-universitats","category-ciutadania","category-general","category-mitjans-comunicacio","category-observatori-inclusio-social-alt-emporda","category-106","category-33","category-100","category-107","category-101","category-1","category-108","category-13","description-off"],"_links":{"self":[{"href":"https:\/\/inclusioaltemporda.cat\/portal\/wp-json\/wp\/v2\/posts\/3870","targetHints":{"allow":["GET"]}}],"collection":[{"href":"https:\/\/inclusioaltemporda.cat\/portal\/wp-json\/wp\/v2\/posts"}],"about":[{"href":"https:\/\/inclusioaltemporda.cat\/portal\/wp-json\/wp\/v2\/types\/post"}],"author":[{"embeddable":true,"href":"https:\/\/inclusioaltemporda.cat\/portal\/wp-json\/wp\/v2\/users\/3"}],"replies":[{"embeddable":true,"href":"https:\/\/inclusioaltemporda.cat\/portal\/wp-json\/wp\/v2\/comments?post=3870"}],"version-history":[{"count":6,"href":"https:\/\/inclusioaltemporda.cat\/portal\/wp-json\/wp\/v2\/posts\/3870\/revisions"}],"predecessor-version":[{"id":3877,"href":"https:\/\/inclusioaltemporda.cat\/portal\/wp-json\/wp\/v2\/posts\/3870\/revisions\/3877"}],"wp:featuredmedia":[{"embeddable":true,"href":"https:\/\/inclusioaltemporda.cat\/portal\/wp-json\/wp\/v2\/media\/3871"}],"wp:attachment":[{"href":"https:\/\/inclusioaltemporda.cat\/portal\/wp-json\/wp\/v2\/media?parent=3870"}],"wp:term":[{"taxonomy":"category","embeddable":true,"href":"https:\/\/inclusioaltemporda.cat\/portal\/wp-json\/wp\/v2\/categories?post=3870"},{"taxonomy":"post_tag","embeddable":true,"href":"https:\/\/inclusioaltemporda.cat\/portal\/wp-json\/wp\/v2\/tags?post=3870"}],"curies":[{"name":"wp","href":"https:\/\/api.w.org\/{rel}","templated":true}]}}