{"id":3878,"date":"2014-03-18T09:39:54","date_gmt":"2014-03-18T08:39:54","guid":{"rendered":"https:\/\/inclusioaltemporda.cat\/portal\/?p=3878"},"modified":"2014-03-18T09:39:54","modified_gmt":"2014-03-18T08:39:54","slug":"presentacio-del-congres-nacional-de-la-gent-gran-a-la-comarca","status":"publish","type":"post","link":"https:\/\/inclusioaltemporda.cat\/portal\/presentacio-del-congres-nacional-de-la-gent-gran-a-la-comarca\/","title":{"rendered":"Presentaci\u00f3 del Congr\u00e8s Nacional de la Gent Gran a la comarca"},"content":{"rendered":"<p>El proper dia 1 d&#8217;octubre de 2014 es celebrar\u00e0 el 7\u00e8 Congr\u00e9s Nacional de la Gent Gran de Catalunya, coincidint amb la celebraci\u00f3 del dia internacional de la gent gran. Aquesta iniciativa de car\u00e0cter biennal est\u00e0 impulsada per la Secretaria de Fam\u00edlia del Departament de Benestar Social i Fam\u00edlia.<\/p>\n<p>Enguany el Congr\u00e9s debatr\u00e0 dues pon\u00e8ncies. La primera, sota el t\u00edtol &#8220;Persona, societat i benestar&#8221;, t\u00e9 com a objectiu fer una revisi\u00f3 del desenvolupament actual de la societat catalana\u00a0 i els nivells de benestar de la poblaci\u00f3 en general parant especial atenci\u00f3 en les persones grans. La segona, titulada &#8220;La Catalunya del futur&#8221;, pret\u00e9n aproximar-se\u00a0 des d&#8217;una perspectiva m\u00e9s \u00e0mplia a les persones grans en relaci\u00f3 amb el pa\u00eds on vivim.<\/p>\n<p>La fase precongressual, entre els mesos de mar\u00e7 i setembre, servir\u00e0 per realitzar accions informatives a tot el pa\u00eds, i per desenvolupar el treball d&#8217;elaboraci\u00f3 de les pon\u00e8ncies que es debatran i aprovaran posteriorment durant l&#8217;acte del Congr\u00e9s. En el marc de la fase precongressual, avui es celebrar\u00e0 un acte de presentaci\u00f3 del 7\u00e8 Congr\u00e9s Nacional de la Gent Gran al Consell Comarcal en la que representants del Departament de Benestar Social i Fam\u00edlia presentaran la iniciativa als Casals i Associacions de gent gran de la comarca.<\/p>\n<p>D&#8217;acord amb el reglament del Congr\u00e9s, a l&#8217;Alt Empord\u00e0 li corresponen set delegats m\u00e9s dos delegats suplents. La Comissi\u00f3 Permanent del Consell Consultiu de la Gent Gran ha obert al conjunt de casals de la comarca un proc\u00e9s participatiu perqu\u00e8 es presentin candidatures procedents del conjunt d&#8217;associacions i casals de la comarca. En els darrers dies s&#8217;han anat rebent les diferents propostes. Durant la sessi\u00f3 de presentaci\u00f3 del Congr\u00e9s es far\u00e0 l&#8217;elecci\u00f3 dels membres de la delegaci\u00f3 que representar\u00e0 l&#8217;Alt Empord\u00e0 en aquest esdeveniment.<\/p>\n<p>&nbsp;<\/p>\n","protected":false},"excerpt":{"rendered":"<p>El Consell Comarcal acull aquest mat\u00ed una sessi\u00f3 de presentaci\u00f3 del 7\u00e8 Congr\u00e9s Nacional de la Gent Gran <\/p>\n","protected":false},"author":2,"featured_media":3879,"comment_status":"open","ping_status":"open","sticky":false,"template":"","format":"standard","meta":{"footnotes":""},"categories":[106,100,101,1,108,11],"tags":[],"class_list":["post-3878","post","type-post","status-publish","format-standard","has-post-thumbnail","hentry","category-administracions","category-area-benestar","category-ciutadania","category-general","category-mitjans-comunicacio","category-taula-inclusio","category-106","category-100","category-101","category-1","category-108","category-11","description-off"],"_links":{"self":[{"href":"https:\/\/inclusioaltemporda.cat\/portal\/wp-json\/wp\/v2\/posts\/3878","targetHints":{"allow":["GET"]}}],"collection":[{"href":"https:\/\/inclusioaltemporda.cat\/portal\/wp-json\/wp\/v2\/posts"}],"about":[{"href":"https:\/\/inclusioaltemporda.cat\/portal\/wp-json\/wp\/v2\/types\/post"}],"author":[{"embeddable":true,"href":"https:\/\/inclusioaltemporda.cat\/portal\/wp-json\/wp\/v2\/users\/2"}],"replies":[{"embeddable":true,"href":"https:\/\/inclusioaltemporda.cat\/portal\/wp-json\/wp\/v2\/comments?post=3878"}],"version-history":[{"count":1,"href":"https:\/\/inclusioaltemporda.cat\/portal\/wp-json\/wp\/v2\/posts\/3878\/revisions"}],"predecessor-version":[{"id":3880,"href":"https:\/\/inclusioaltemporda.cat\/portal\/wp-json\/wp\/v2\/posts\/3878\/revisions\/3880"}],"wp:featuredmedia":[{"embeddable":true,"href":"https:\/\/inclusioaltemporda.cat\/portal\/wp-json\/wp\/v2\/media\/3879"}],"wp:attachment":[{"href":"https:\/\/inclusioaltemporda.cat\/portal\/wp-json\/wp\/v2\/media?parent=3878"}],"wp:term":[{"taxonomy":"category","embeddable":true,"href":"https:\/\/inclusioaltemporda.cat\/portal\/wp-json\/wp\/v2\/categories?post=3878"},{"taxonomy":"post_tag","embeddable":true,"href":"https:\/\/inclusioaltemporda.cat\/portal\/wp-json\/wp\/v2\/tags?post=3878"}],"curies":[{"name":"wp","href":"https:\/\/api.w.org\/{rel}","templated":true}]}}