{"id":3881,"date":"2014-03-19T08:34:30","date_gmt":"2014-03-19T07:34:30","guid":{"rendered":"https:\/\/inclusioaltemporda.cat\/portal\/?p=3881"},"modified":"2014-03-19T08:37:39","modified_gmt":"2014-03-19T07:37:39","slug":"obertes-les-preinscripcioins-per-a-les-colonies-destiu","status":"publish","type":"post","link":"https:\/\/inclusioaltemporda.cat\/portal\/obertes-les-preinscripcioins-per-a-les-colonies-destiu\/","title":{"rendered":"Obertes les preinscripcions per a les col\u00f2nies d&#8217;estiu fins al proper 7 d&#8217;abril"},"content":{"rendered":"<p>El per\u00edode de preinscripcions en el programa de lleure &#8220;L&#8217;estiu \u00e9s teu&#8221; s&#8217;obre aquesta setmana i estar\u00e0 actiu fins al proper 7 d&#8217;abril.<\/p>\n<p>Aquest programa est\u00e0 promogut per l&#8217;Ag\u00e8ncia Catalana de la Joventut (ACJ) del departament de Benestar Social i Fam\u00edlia de la Generalitat i s&#8217;adre\u00e7a a infants i adolescents de 5 a 16 anys amb l&#8217;objectiu d&#8217;oferir activitats d&#8217;estiu a la Xarxa Nacional d&#8217;Albergs Socials de Catalunya (XANASCAT).<\/p>\n<p>El programa ofereix 12 modalitats d&#8217;activitats diferents dirigides per professors especialitzats i monitors de lleure que pertanyen a diferents empreses del sector del lleure juvenil, supervisades i orientades per l&#8217;ACJ.<\/p>\n<p>Les activitats programades s\u00f3n molt diverses i m\u00e9s enll\u00e0 de les classes instructives i\/o activitats pr\u00e0ctiques relacionades amb la tem\u00e0tica s&#8217;organitzen excursions, tallers, gimcanes, jocs de nit, entre d&#8217;altres.<\/p>\n<p>La tipologia d&#8217;activitats \u00e9s molt \u00e0mplia: idiomes (angl\u00e8s, franc\u00e8s o alemany); multiesportives; combinat d&#8217;angl\u00e8s i multiesportives; m\u00fasica; enginy; esportives (b\u00e0squet, futbol o handbol); teatre; circ; veu; cinema; natura i angl\u00e8s i astronomia.<\/p>\n<p>Aquest any s&#8217;ofereixen 10.074 places en diferents activitats de lleure per a infants i adolescents de 5 a 17 anys a traves de la Xarxa Nacional d&#8217;Albergs Socials de Catalunya (Xanascat).<\/p>\n<p>Tota la informaci\u00f3 sobre aquest programa i el proc\u00e9s de preinscripci\u00f3 el podeu <a href=\"http:\/\/www.estiuesteu.cat\/\">consultar en aquest enlla\u00e7 a la p\u00e0gina web del programa<\/a>. El 9 d&#8217;abril es far\u00e0 el sorteig de les places assignades i l&#8217;11 d&#8217;abril es publicaran els resultats.<\/p>\n<p>&nbsp;<\/p>\n<p>&nbsp;<\/p>\n","protected":false},"excerpt":{"rendered":"<p>S&#8217;obre el per\u00edode de preinscripcions al programa &#8220;L&#8217;estiu \u00e9s teu&#8221;  i estar\u00e0 actiu fins al proper 7 d&#8217;abril.<\/p>\n","protected":false},"author":3,"featured_media":2186,"comment_status":"open","ping_status":"open","sticky":false,"template":"","format":"standard","meta":{"footnotes":""},"categories":[106,101,104,103,1,108],"tags":[],"class_list":["post-3881","post","type-post","status-publish","format-standard","has-post-thumbnail","hentry","category-administracions","category-ciutadania","category-entitats-socials","category-estudiants-escoles-instituts","category-general","category-mitjans-comunicacio","category-106","category-101","category-104","category-103","category-1","category-108","description-off"],"_links":{"self":[{"href":"https:\/\/inclusioaltemporda.cat\/portal\/wp-json\/wp\/v2\/posts\/3881","targetHints":{"allow":["GET"]}}],"collection":[{"href":"https:\/\/inclusioaltemporda.cat\/portal\/wp-json\/wp\/v2\/posts"}],"about":[{"href":"https:\/\/inclusioaltemporda.cat\/portal\/wp-json\/wp\/v2\/types\/post"}],"author":[{"embeddable":true,"href":"https:\/\/inclusioaltemporda.cat\/portal\/wp-json\/wp\/v2\/users\/3"}],"replies":[{"embeddable":true,"href":"https:\/\/inclusioaltemporda.cat\/portal\/wp-json\/wp\/v2\/comments?post=3881"}],"version-history":[{"count":5,"href":"https:\/\/inclusioaltemporda.cat\/portal\/wp-json\/wp\/v2\/posts\/3881\/revisions"}],"predecessor-version":[{"id":3886,"href":"https:\/\/inclusioaltemporda.cat\/portal\/wp-json\/wp\/v2\/posts\/3881\/revisions\/3886"}],"wp:featuredmedia":[{"embeddable":true,"href":"https:\/\/inclusioaltemporda.cat\/portal\/wp-json\/wp\/v2\/media\/2186"}],"wp:attachment":[{"href":"https:\/\/inclusioaltemporda.cat\/portal\/wp-json\/wp\/v2\/media?parent=3881"}],"wp:term":[{"taxonomy":"category","embeddable":true,"href":"https:\/\/inclusioaltemporda.cat\/portal\/wp-json\/wp\/v2\/categories?post=3881"},{"taxonomy":"post_tag","embeddable":true,"href":"https:\/\/inclusioaltemporda.cat\/portal\/wp-json\/wp\/v2\/tags?post=3881"}],"curies":[{"name":"wp","href":"https:\/\/api.w.org\/{rel}","templated":true}]}}