{"id":3895,"date":"2014-03-20T09:53:14","date_gmt":"2014-03-20T08:53:14","guid":{"rendered":"https:\/\/inclusioaltemporda.cat\/portal\/?p=3895"},"modified":"2014-03-20T09:54:01","modified_gmt":"2014-03-20T08:54:01","slug":"dia-mundial-del-treball-social","status":"publish","type":"post","link":"https:\/\/inclusioaltemporda.cat\/portal\/dia-mundial-del-treball-social\/","title":{"rendered":"Dia Mundial del Treball Social"},"content":{"rendered":"<p>Aquesta setmana s&#8217;ha celebrat el Dia Mundial del Treball Social promogut per la <a href=\"http:\/\/ifsw.org\/\">Federaci\u00f3 Internacional de Treballadors Socials (IFSW<\/a>).<\/p>\n<p>El lema d&#8217;aquest any ha estat la crisi social i econ\u00f2mica i les solucions que es poden aportat des del treball social, una de les tem\u00e0tiques priorit\u00e0ries l&#8217;agenda global pel treball social i desenvolupament social.<\/p>\n<p>En aquesta direcci\u00f3 i sobre la base de l&#8217;experi\u00e8ncia pr\u00e0ctica d&#8217;aquests professionals proposen als decisors p\u00fablics tenir en compte les l\u00ednies de treball seg\u00fcents:<\/p>\n<p>1) Per sortir de la pobresa i les situacions d&#8217;exclusi\u00f3 social les persones necessiten participar activament de les decisions sobre el seu futur.<\/p>\n<p>2) La pedra angular d&#8217;una economia pr\u00f2spera \u00e9s una comunitat formada i amb recursos. La inversi\u00f3 en accions per a la comunitat t\u00e9 resultats en termes d&#8217;emprenedoria, habilitats personals i creixement econ\u00f2mic.<\/p>\n<p>3) El benestar est\u00e0 millor distribu\u00eft en societats m\u00e9s equitatives. La desigual distribuci\u00f3 de la riquesa causa exclusi\u00f3, pobresa i major inestabilitat social.<\/p>\n<p>Si teniu m\u00e9s inter\u00e8s a con\u00e8ixer aquestes l\u00ednies de treball en l&#8217;\u00e0mbit europeu <a href=\"http:\/\/ifsw.org\/europe\/key-documents\/\">podeu accedir a informaci\u00f3 en aquest enlla\u00e7<\/a>.<\/p>\n<p>La informaci\u00f3 m\u00e9s concreta sobre l&#8217;activitat del <a href=\"http:\/\/www.tscat.cat\/\">Col\u00b7legi de Treball Social de Catalunya la trobareu en aquesta p\u00e0gina web<\/a>.<\/p>\n<p>Per commemorar aquesta diada us convidem a visualitzar aquest <a href=\"http:\/\/vimeo.com\/26952157\">v\u00eddeo<\/a>.<\/p>\n<p>&nbsp;<\/p>\n","protected":false},"excerpt":{"rendered":"<p>Aquesta setmana s&#8217;ha celebrat el Dia Mundial del Treball Social promogut per la Federaci\u00f3 Internacional de Treballadors Socials (IFSW).<\/p>\n","protected":false},"author":3,"featured_media":2979,"comment_status":"open","ping_status":"open","sticky":false,"template":"","format":"standard","meta":{"footnotes":""},"categories":[106,100,101,104,1,108,102],"tags":[],"class_list":["post-3895","post","type-post","status-publish","format-standard","has-post-thumbnail","hentry","category-administracions","category-area-benestar","category-ciutadania","category-entitats-socials","category-general","category-mitjans-comunicacio","category-professionals-ambit-social","category-106","category-100","category-101","category-104","category-1","category-108","category-102","description-off"],"_links":{"self":[{"href":"https:\/\/inclusioaltemporda.cat\/portal\/wp-json\/wp\/v2\/posts\/3895","targetHints":{"allow":["GET"]}}],"collection":[{"href":"https:\/\/inclusioaltemporda.cat\/portal\/wp-json\/wp\/v2\/posts"}],"about":[{"href":"https:\/\/inclusioaltemporda.cat\/portal\/wp-json\/wp\/v2\/types\/post"}],"author":[{"embeddable":true,"href":"https:\/\/inclusioaltemporda.cat\/portal\/wp-json\/wp\/v2\/users\/3"}],"replies":[{"embeddable":true,"href":"https:\/\/inclusioaltemporda.cat\/portal\/wp-json\/wp\/v2\/comments?post=3895"}],"version-history":[{"count":3,"href":"https:\/\/inclusioaltemporda.cat\/portal\/wp-json\/wp\/v2\/posts\/3895\/revisions"}],"predecessor-version":[{"id":3898,"href":"https:\/\/inclusioaltemporda.cat\/portal\/wp-json\/wp\/v2\/posts\/3895\/revisions\/3898"}],"wp:featuredmedia":[{"embeddable":true,"href":"https:\/\/inclusioaltemporda.cat\/portal\/wp-json\/wp\/v2\/media\/2979"}],"wp:attachment":[{"href":"https:\/\/inclusioaltemporda.cat\/portal\/wp-json\/wp\/v2\/media?parent=3895"}],"wp:term":[{"taxonomy":"category","embeddable":true,"href":"https:\/\/inclusioaltemporda.cat\/portal\/wp-json\/wp\/v2\/categories?post=3895"},{"taxonomy":"post_tag","embeddable":true,"href":"https:\/\/inclusioaltemporda.cat\/portal\/wp-json\/wp\/v2\/tags?post=3895"}],"curies":[{"name":"wp","href":"https:\/\/api.w.org\/{rel}","templated":true}]}}