{"id":3899,"date":"2014-03-21T09:28:37","date_gmt":"2014-03-21T08:28:37","guid":{"rendered":"https:\/\/inclusioaltemporda.cat\/portal\/?p=3899"},"modified":"2014-03-21T11:40:55","modified_gmt":"2014-03-21T10:40:55","slug":"el-siad-participa-en-el-cicle-formatiu-dintegracio-social","status":"publish","type":"post","link":"https:\/\/inclusioaltemporda.cat\/portal\/el-siad-participa-en-el-cicle-formatiu-dintegracio-social\/","title":{"rendered":"El SIAD participa en el cicle formatiu d&#8217;Integraci\u00f3 Social"},"content":{"rendered":"<p>El Servei d&#8217;Atenci\u00f3 i Informaci\u00f3 a les Dones (SIAD) del Consell Comarcal participar\u00e0 el proper 27 de mar\u00e7 en una sessi\u00f3 de formaci\u00f3 del cicle d&#8217;Integraci\u00f3 Social que s&#8217;imparteix a l&#8217;Institut Ramon Muntaner de Figueres.<\/p>\n<p>La coordinadora del servei, Meritxell Pom\u00e9s, impartir\u00e0 una sessi\u00f3 amb els alumnes de l&#8217;assignatura Context de la Intervenci\u00f3 Social centrada en les tem\u00e0tiques seg\u00fcents:<\/p>\n<p>&nbsp;<\/p>\n<p>1) Objectius i funcions del SIAD<\/p>\n<p>2) Abordatge i acompanyament de les situacions de viol\u00e8ncia de g\u00e8nere<\/p>\n<p>3) Circuits i serveis especialitzats de serveis d&#8217;intervenci\u00f3 a Catalunya<\/p>\n<p>El cicle Formatiu de Grau Superior d&#8217;Integraci\u00f3 Social ofereix una formaci\u00f3 orientada a facilitar coneixement en la programaci\u00f3, organitzaci\u00f3, implementaci\u00f3 i avaluaci\u00f3 d&#8217;intervencions d&#8217;integraci\u00f3 social amb col\u00b7lectius vulnerables.<\/p>\n<p>Els professionals amb aquesta titulaci\u00f3 poden desenvolupar la seva activitat fonamentalment en l&#8217;\u00e0mbit dels serveis socials i educatius, en entitats sense \u00e0nim de lucre i en entitats privades.<\/p>\n<p>&nbsp;<\/p>\n<p>&nbsp;<\/p>\n","protected":false},"excerpt":{"rendered":"<p>El Servei d&#8217;Atenci\u00f3 i Informaci\u00f3 a les Dones (SIAD) del Consell Comarcal participar\u00e0 el proper 27 de mar\u00e7 en una sessi\u00f3 de formaci\u00f3 del cicle d&#8217;Integraci\u00f3 Social<\/p>\n","protected":false},"author":3,"featured_media":3901,"comment_status":"open","ping_status":"open","sticky":false,"template":"","format":"standard","meta":{"footnotes":""},"categories":[106,100,101,103,1,108,102],"tags":[],"class_list":["post-3899","post","type-post","status-publish","format-standard","has-post-thumbnail","hentry","category-administracions","category-area-benestar","category-ciutadania","category-estudiants-escoles-instituts","category-general","category-mitjans-comunicacio","category-professionals-ambit-social","category-106","category-100","category-101","category-103","category-1","category-108","category-102","description-off"],"_links":{"self":[{"href":"https:\/\/inclusioaltemporda.cat\/portal\/wp-json\/wp\/v2\/posts\/3899","targetHints":{"allow":["GET"]}}],"collection":[{"href":"https:\/\/inclusioaltemporda.cat\/portal\/wp-json\/wp\/v2\/posts"}],"about":[{"href":"https:\/\/inclusioaltemporda.cat\/portal\/wp-json\/wp\/v2\/types\/post"}],"author":[{"embeddable":true,"href":"https:\/\/inclusioaltemporda.cat\/portal\/wp-json\/wp\/v2\/users\/3"}],"replies":[{"embeddable":true,"href":"https:\/\/inclusioaltemporda.cat\/portal\/wp-json\/wp\/v2\/comments?post=3899"}],"version-history":[{"count":4,"href":"https:\/\/inclusioaltemporda.cat\/portal\/wp-json\/wp\/v2\/posts\/3899\/revisions"}],"predecessor-version":[{"id":3905,"href":"https:\/\/inclusioaltemporda.cat\/portal\/wp-json\/wp\/v2\/posts\/3899\/revisions\/3905"}],"wp:featuredmedia":[{"embeddable":true,"href":"https:\/\/inclusioaltemporda.cat\/portal\/wp-json\/wp\/v2\/media\/3901"}],"wp:attachment":[{"href":"https:\/\/inclusioaltemporda.cat\/portal\/wp-json\/wp\/v2\/media?parent=3899"}],"wp:term":[{"taxonomy":"category","embeddable":true,"href":"https:\/\/inclusioaltemporda.cat\/portal\/wp-json\/wp\/v2\/categories?post=3899"},{"taxonomy":"post_tag","embeddable":true,"href":"https:\/\/inclusioaltemporda.cat\/portal\/wp-json\/wp\/v2\/tags?post=3899"}],"curies":[{"name":"wp","href":"https:\/\/api.w.org\/{rel}","templated":true}]}}