{"id":3919,"date":"2014-03-24T08:50:36","date_gmt":"2014-03-24T07:50:36","guid":{"rendered":"https:\/\/inclusioaltemporda.cat\/portal\/?p=3919"},"modified":"2016-02-01T09:24:49","modified_gmt":"2016-02-01T08:24:49","slug":"el-comite-etica-serveis-socials-de-catalunya-publica-els-primers-treballs-2","status":"publish","type":"post","link":"https:\/\/inclusioaltemporda.cat\/portal\/el-comite-etica-serveis-socials-de-catalunya-publica-els-primers-treballs-2\/","title":{"rendered":"El Comit\u00e8 \u00c8tica Serveis Socials de Catalunya publica els primers treballs"},"content":{"rendered":"<p>El Comit\u00e8 d&#8217;\u00c8tica de Serveis Socials de Catalunya ha publicat els primers casos t\u00e8cnics que ha treballat.<\/p>\n<p>Aquest Comit\u00e8, \u00f2rgan assessor del departament de Benestar i Fam\u00edlia i presidit per la doctora en Filosofia Bego\u00f1a Roman, est\u00e0 integrat per professionals i experts del propi departament, de l&#8217;\u00e0mbit acad\u00e8mic, entitats socials, patronals i col\u00b7legis professionals.<\/p>\n<p>Els primers documents editats estan centrats en dues tem\u00e0tiques que conviden a la reflexi\u00f3 i la bona praxi professional quotidiana: <a href=\"https:\/\/inclusioaltemporda.cat\/portal\/wp-content\/uploads\/articulo_la-etica-aplicada-a-la-intervencion-social.pdf\">La confidencialitat en la intervenci\u00f3 social<\/a> i <a href=\"https:\/\/inclusioaltemporda.cat\/portal\/wp-content\/uploads\/2.-Recomanacions-drets-i-deures-GG-entorn-RGG.pdf\">Recomanacions sobre el desenvolupament dels drets i deures de les persones grans en entorns residencials<\/a>.<\/p>\n<p>El CESSC \u00e9s un \u00f2rgan col\u00b7legiat, independent, de car\u00e0cter consultiu i interdisciplinar, al servei de les persones i de les entitats que presten serveis socials, els utilitzen o en s\u00f3n destinat\u00e0ries. Si teniu inter\u00e8s a con\u00e8ixer mes informaci\u00f3 la <a href=\"http:\/\/www20.gencat.cat\/portal\/site\/bsf\/menuitem.cb7c44c1c72cf6b43f6c8910b0c0e1a0\/?vgnextoid=ea01ded9d39aa210VgnVCM1000008d0c1e0aRCRD&amp;vgnextchannel=ea01ded9d39aa210VgnVCM1000008d0c1e0aRCRD&amp;vgnextfmt=default\">podeu consultar en aquest enlla\u00e7<\/a>.<\/p>\n<p>&nbsp;<\/p>\n<p>&nbsp;<\/p>\n<p>&nbsp;<\/p>\n<p>&nbsp;<\/p>\n<p>&nbsp;<\/p>\n","protected":false},"excerpt":{"rendered":"<p>El Comit\u00e8 d&#8217;\u00c8tica de Serveis Socials de Catalunya ha publicat els primers casos t\u00e8cnics que ha treballat.<\/p>\n","protected":false},"author":3,"featured_media":2113,"comment_status":"closed","ping_status":"closed","sticky":false,"template":"","format":"standard","meta":{"footnotes":""},"categories":[106,100,107,101,105,104,103,1,108,102],"tags":[],"class_list":["post-3919","post","type-post","status-publish","format-standard","has-post-thumbnail","hentry","category-administracions","category-area-benestar","category-centres-recerca-universitats","category-ciutadania","category-empreses","category-entitats-socials","category-estudiants-escoles-instituts","category-general","category-mitjans-comunicacio","category-professionals-ambit-social","category-106","category-100","category-107","category-101","category-105","category-104","category-103","category-1","category-108","category-102","description-off"],"_links":{"self":[{"href":"https:\/\/inclusioaltemporda.cat\/portal\/wp-json\/wp\/v2\/posts\/3919","targetHints":{"allow":["GET"]}}],"collection":[{"href":"https:\/\/inclusioaltemporda.cat\/portal\/wp-json\/wp\/v2\/posts"}],"about":[{"href":"https:\/\/inclusioaltemporda.cat\/portal\/wp-json\/wp\/v2\/types\/post"}],"author":[{"embeddable":true,"href":"https:\/\/inclusioaltemporda.cat\/portal\/wp-json\/wp\/v2\/users\/3"}],"replies":[{"embeddable":true,"href":"https:\/\/inclusioaltemporda.cat\/portal\/wp-json\/wp\/v2\/comments?post=3919"}],"version-history":[{"count":2,"href":"https:\/\/inclusioaltemporda.cat\/portal\/wp-json\/wp\/v2\/posts\/3919\/revisions"}],"predecessor-version":[{"id":3921,"href":"https:\/\/inclusioaltemporda.cat\/portal\/wp-json\/wp\/v2\/posts\/3919\/revisions\/3921"}],"wp:featuredmedia":[{"embeddable":true,"href":"https:\/\/inclusioaltemporda.cat\/portal\/wp-json\/wp\/v2\/media\/2113"}],"wp:attachment":[{"href":"https:\/\/inclusioaltemporda.cat\/portal\/wp-json\/wp\/v2\/media?parent=3919"}],"wp:term":[{"taxonomy":"category","embeddable":true,"href":"https:\/\/inclusioaltemporda.cat\/portal\/wp-json\/wp\/v2\/categories?post=3919"},{"taxonomy":"post_tag","embeddable":true,"href":"https:\/\/inclusioaltemporda.cat\/portal\/wp-json\/wp\/v2\/tags?post=3919"}],"curies":[{"name":"wp","href":"https:\/\/api.w.org\/{rel}","templated":true}]}}