{"id":3922,"date":"2014-03-25T09:30:28","date_gmt":"2014-03-25T08:30:28","guid":{"rendered":"https:\/\/inclusioaltemporda.cat\/portal\/?p=3922"},"modified":"2016-02-01T09:24:49","modified_gmt":"2016-02-01T08:24:49","slug":"nous-tallers-de-memoria-i-gimnas-per-a-gent-gran","status":"publish","type":"post","link":"https:\/\/inclusioaltemporda.cat\/portal\/nous-tallers-de-memoria-i-gimnas-per-a-gent-gran\/","title":{"rendered":"Nous Tallers de Mem\u00f2ria i Gimn\u00e0s per a gent gran"},"content":{"rendered":"<p>Aquesta setmana s&#8217;ha posat en marxa l&#8217;edici\u00f3 de primavera dels Tallers de Mem\u00f2ria i els Tallers de Gimn\u00e0s per a gent gran a diferents municipis de la comarca.<\/p>\n<p>Aquests tallers, promoguts i impartits per professionals de l&#8217;\u00e0rea de Benestar del Consell Comarcal tenen com a finalitat promoure un envelliment actiu de la poblaci\u00f3 de la comarca.<\/p>\n<p>Els tallers s&#8217;adrecen a les persones de m\u00e9s de 65 anys i es fan en els municipis que han sol\u00b7licitat aquesta activitat mitjan\u00e7ant el seu ajuntament. La finalitat d&#8217;aquestes activitats \u00e9s treballar de forma \u00edntegra l&#8217;estimulaci\u00f3 de les capacitats f\u00edsiques i mentals de les persones grans.<\/p>\n<p>El Taller de Mem\u00f2ria facilita un entrenament de les capacitats que intervenen en la mem\u00f2ria i altres facultats mentals associades. Aquesta activitat consta de diferents sessions d&#8217;una hora setmanal.<\/p>\n<p>El Taller de Gimn\u00e0s t\u00e9 com a finalitat mantenir la forma f\u00edsica i promoure un envelliment saludable. Les activitats programades permeten mantenir i millorar les capacitats f\u00edsiques, treballar la mobilitat, la for\u00e7a, la flexibilitat, la coordinaci\u00f3, l&#8217;equilibri i la respiraci\u00f3. El Taller tamb\u00e9 facilita t\u00e8cniques de relaxaci\u00f3 i bons h\u00e0bits per prevenir lesions.\u00a0 El Taller es duu a terme en diferents sessions d&#8217;una hora setmanal.<\/p>\n<p>Aquesta primavera es faran 22 Tallers de Mem\u00f2ria als municipis seg\u00fcents: Albany\u00e0, Biure, Colera, El Far d&#8217;Empord\u00e0, Espolla, Garrig\u00e0s, La Jonquera, L&#8217;Escala, Llad\u00f3, Llan\u00e7\u00e0, Mollet de Perelada, Perelada, Pont\u00f3s, El Port de la Selva, Terrades, Sant Climent Sescebes, Sant Lloren\u00e7 de la Muga, Sant Miquel de Fluvi\u00e0, Sant Pere Pescador i Vilardanal.<\/p>\n<p>Tamb\u00e9 s&#8217;han programat 10 Tallers de Gimn\u00e0s als municipis seg\u00fcents: Cantallops, Colera, Capmany, Darnius, El Far d&#8217;Empord\u00e0, Forti\u00e0, Navata, Palau de Santa Eul\u00e0lia, Pau, Santa Llogaia.<\/p>\n<p>Si teniu inter\u00e8s a participar en algun d&#8217;aquests Tallers, <a href=\"https:\/\/inclusioaltemporda.cat\/portal\/wp-content\/uploads\/Temporalitzaci\u00f3-tallers-primavera_2014.pdf\">podeu consultar municipis i horaris en aquest enlla\u00e7<\/a>. La inscripci\u00f3 de les persones interessades es fa a l&#8217;Ajuntament de la vostra poblaci\u00f3.<\/p>\n","protected":false},"excerpt":{"rendered":"<p>Es posa en marxa l&#8217;edici\u00f3 de primavera dels Tallers de Mem\u00f2ria i els Tallers de Gimn\u00e0s per a gent gran a la comarca<\/p>\n","protected":false},"author":3,"featured_media":3931,"comment_status":"closed","ping_status":"closed","sticky":false,"template":"","format":"standard","meta":{"footnotes":""},"categories":[100,101,104,103,1,108,102],"tags":[],"class_list":["post-3922","post","type-post","status-publish","format-standard","has-post-thumbnail","hentry","category-area-benestar","category-ciutadania","category-entitats-socials","category-estudiants-escoles-instituts","category-general","category-mitjans-comunicacio","category-professionals-ambit-social","category-100","category-101","category-104","category-103","category-1","category-108","category-102","description-off"],"_links":{"self":[{"href":"https:\/\/inclusioaltemporda.cat\/portal\/wp-json\/wp\/v2\/posts\/3922","targetHints":{"allow":["GET"]}}],"collection":[{"href":"https:\/\/inclusioaltemporda.cat\/portal\/wp-json\/wp\/v2\/posts"}],"about":[{"href":"https:\/\/inclusioaltemporda.cat\/portal\/wp-json\/wp\/v2\/types\/post"}],"author":[{"embeddable":true,"href":"https:\/\/inclusioaltemporda.cat\/portal\/wp-json\/wp\/v2\/users\/3"}],"replies":[{"embeddable":true,"href":"https:\/\/inclusioaltemporda.cat\/portal\/wp-json\/wp\/v2\/comments?post=3922"}],"version-history":[{"count":7,"href":"https:\/\/inclusioaltemporda.cat\/portal\/wp-json\/wp\/v2\/posts\/3922\/revisions"}],"predecessor-version":[{"id":3933,"href":"https:\/\/inclusioaltemporda.cat\/portal\/wp-json\/wp\/v2\/posts\/3922\/revisions\/3933"}],"wp:featuredmedia":[{"embeddable":true,"href":"https:\/\/inclusioaltemporda.cat\/portal\/wp-json\/wp\/v2\/media\/3931"}],"wp:attachment":[{"href":"https:\/\/inclusioaltemporda.cat\/portal\/wp-json\/wp\/v2\/media?parent=3922"}],"wp:term":[{"taxonomy":"category","embeddable":true,"href":"https:\/\/inclusioaltemporda.cat\/portal\/wp-json\/wp\/v2\/categories?post=3922"},{"taxonomy":"post_tag","embeddable":true,"href":"https:\/\/inclusioaltemporda.cat\/portal\/wp-json\/wp\/v2\/tags?post=3922"}],"curies":[{"name":"wp","href":"https:\/\/api.w.org\/{rel}","templated":true}]}}