{"id":3934,"date":"2014-03-26T08:40:47","date_gmt":"2014-03-26T07:40:47","guid":{"rendered":"https:\/\/inclusioaltemporda.cat\/portal\/?p=3934"},"modified":"2016-02-01T09:24:49","modified_gmt":"2016-02-01T08:24:49","slug":"visita-destudi-de-socis-europeus-al-programa-okupalt","status":"publish","type":"post","link":"https:\/\/inclusioaltemporda.cat\/portal\/visita-destudi-de-socis-europeus-al-programa-okupalt\/","title":{"rendered":"Visita d&#8217;estudi de socis europeus al programa Okup&#8217;Alt"},"content":{"rendered":"<p>Els socis de Marburg (Alemanya) i de Santa Cruz de Tenerife del projecte Labour Plus realitzen durant tota la jornada d&#8217;avui una visita d&#8217;estudi al programa Okup&#8217;Alt.<\/p>\n<p>Aquesta visita d&#8217;estudi s&#8217;emmarca en l&#8217;intercanvi de bones pr\u00e0ctiques que promou aquest projecte europeu i t\u00e9 com a finalitat con\u00e8ixer el disseny, la implementaci\u00f3 i avaluaci\u00f3 del programa per a joves que des de fa 3 anys ofereix l&#8217;Oficina de Joventut Figueres-Alt Empord\u00e0.<\/p>\n<p>Els socis europeus tenen una agenda d&#8217;activitats programada que els permetr\u00e0 con\u00e8ixer els aspectes t\u00e8cnics i organitzatius de la m\u00e0 del coordinador del projecte, intercanviaran coneixements amb els professionals i monitors que guien els grups de joves i tamb\u00e9 coneixeran les opinions dels joves que hi participen.<\/p>\n<p>En el marc del projecte Labour Plus est\u00e0 previst que 5 socis transfereixin bones pr\u00e0ctiques en els seus territoris inspirant-se en l&#8217;experi\u00e8ncia de recursos, programes i projectes orientats a la inserci\u00f3 social i laboral de poblaci\u00f3 promoguts pels altres socis . En el cas del programa Okup&#8217;Alt els socis de Marburg i de Santa Cruz de Tenerife tenen previst promoure la implementaci\u00f3 d&#8217;un projecte en els propers mesos inspirat en l&#8217;experi\u00e8ncia de l&#8217;Alt Empord\u00e0.<\/p>\n<p>D&#8217;altra banda, l&#8217;\u00e0rea de Benestar del Consell Comarcal est\u00e0 organitzant per als propers mesos la transfer\u00e8ncia d&#8217;una altra bona pr\u00e0ctica presentada pel municipi de Nieuwegen (Pa\u00efsos Baixos) centrada en la formaci\u00f3 i gesti\u00f3 de la diversitat.<\/p>\n","protected":false},"excerpt":{"rendered":"<p>Els socis de Marburg (Alemanya) i de Santa Cruz de Tenerife del projecte Labour Plus realitzen durant tota la jornada d&#8217;avui una visita d&#8217;estudi al programa Okup&#8217;Alt.<\/p>\n","protected":false},"author":3,"featured_media":3936,"comment_status":"closed","ping_status":"closed","sticky":false,"template":"","format":"standard","meta":{"footnotes":""},"categories":[106,100,107,101,105,104,103,1,108,102,111],"tags":[],"class_list":["post-3934","post","type-post","status-publish","format-standard","has-post-thumbnail","hentry","category-administracions","category-area-benestar","category-centres-recerca-universitats","category-ciutadania","category-empreses","category-entitats-socials","category-estudiants-escoles-instituts","category-general","category-mitjans-comunicacio","category-professionals-ambit-social","category-projectes-internacionals","category-106","category-100","category-107","category-101","category-105","category-104","category-103","category-1","category-108","category-102","category-111","description-off"],"_links":{"self":[{"href":"https:\/\/inclusioaltemporda.cat\/portal\/wp-json\/wp\/v2\/posts\/3934","targetHints":{"allow":["GET"]}}],"collection":[{"href":"https:\/\/inclusioaltemporda.cat\/portal\/wp-json\/wp\/v2\/posts"}],"about":[{"href":"https:\/\/inclusioaltemporda.cat\/portal\/wp-json\/wp\/v2\/types\/post"}],"author":[{"embeddable":true,"href":"https:\/\/inclusioaltemporda.cat\/portal\/wp-json\/wp\/v2\/users\/3"}],"replies":[{"embeddable":true,"href":"https:\/\/inclusioaltemporda.cat\/portal\/wp-json\/wp\/v2\/comments?post=3934"}],"version-history":[{"count":3,"href":"https:\/\/inclusioaltemporda.cat\/portal\/wp-json\/wp\/v2\/posts\/3934\/revisions"}],"predecessor-version":[{"id":3938,"href":"https:\/\/inclusioaltemporda.cat\/portal\/wp-json\/wp\/v2\/posts\/3934\/revisions\/3938"}],"wp:featuredmedia":[{"embeddable":true,"href":"https:\/\/inclusioaltemporda.cat\/portal\/wp-json\/wp\/v2\/media\/3936"}],"wp:attachment":[{"href":"https:\/\/inclusioaltemporda.cat\/portal\/wp-json\/wp\/v2\/media?parent=3934"}],"wp:term":[{"taxonomy":"category","embeddable":true,"href":"https:\/\/inclusioaltemporda.cat\/portal\/wp-json\/wp\/v2\/categories?post=3934"},{"taxonomy":"post_tag","embeddable":true,"href":"https:\/\/inclusioaltemporda.cat\/portal\/wp-json\/wp\/v2\/tags?post=3934"}],"curies":[{"name":"wp","href":"https:\/\/api.w.org\/{rel}","templated":true}]}}