{"id":3957,"date":"2014-03-27T09:45:22","date_gmt":"2014-03-27T08:45:22","guid":{"rendered":"https:\/\/inclusioaltemporda.cat\/portal\/?p=3957"},"modified":"2016-02-01T09:24:49","modified_gmt":"2016-02-01T08:24:49","slug":"inauguracio-del-centre-empren-a-castello-dempuries","status":"publish","type":"post","link":"https:\/\/inclusioaltemporda.cat\/portal\/inauguracio-del-centre-empren-a-castello-dempuries\/","title":{"rendered":"Inauguraci\u00f3 del Centre Empr\u00e8n a Castell\u00f3 d&#8217;Emp\u00faries"},"content":{"rendered":"<p>Castell\u00f3 d&#8217;Emp\u00faries posar\u00e0 en marxa el proper mes el Centre Empr\u00e8n per tal de donar un impuls a les pol\u00edtiques d&#8217;ocupaci\u00f3 i promoci\u00f3 de l&#8217;emprenedoria al municipi i al conjunt de la comarca. <\/p>\n<p>El projecte del Centre Empr\u00e8n neix amb l\u2019objectiu de millorar l\u2019ocupaci\u00f3 i la formaci\u00f3 dels diversos sectors, i de crear i consolidar activitats empresarials, donant suport al teixit empresarial, impulsant l\u2019emprenedoria, i fomentant les relacions entre els sectors productius presents al territori.<\/p>\n<p>El Centre Empr\u00e8n \u00e9s una iniciativa definida en el <a href=\"http:\/\/www.castello.cat\/upload\/File\/altres\/Diagnosi.pdf\" target=\"_blank\">Pla Estrat\u00e8gic Econ\u00f2mic i d&#8217;Ocupaci\u00f3 2013-2016<\/a> del municipi. D&#8217;acord amb aquest Pla el nou espai centrar\u00e0 la seva atenci\u00f3 en la promoci\u00f3 i el suport de l&#8217;emprenedoria i les empreses, la formaci\u00f3 i l&#8217;orientaci\u00f3 i intermediaci\u00f3 laboral. Podeu consultar la cartera de serveis del Centre Empr\u00e8n en <a href=\"https:\/\/inclusioaltemporda.cat\/portal\/wp-content\/uploads\/Centre-Empren.pdf\">aquest enlla\u00e7<\/a>.<\/p>\n<p>Ubicat a Empuriabrava, el Centre Empren iniciar\u00e0 la seva activitat el proper mes d&#8217;abril oferint servei de nou del mat\u00ed a dues del migdia. L\u2019espai es distribueix de manera que disposa de recepci\u00f3, un espai coworking, despatxos de viver d\u2019empreses, aula de formaci\u00f3, sala de reunions, despatxos t\u00e8cnics i de direcci\u00f3, sala de descans , una cuina- office i un magatzem.<\/p>\n","protected":false},"excerpt":{"rendered":"<p>El dissabte 29 de mar\u00e7 a les 11h s&#8217;inaugurar\u00e0 el nou espai de refer\u00e8ncia de les pol\u00edtiques d&#8217;ocupaci\u00f3 i empresa al municipi<\/p>\n","protected":false},"author":2,"featured_media":3960,"comment_status":"closed","ping_status":"closed","sticky":false,"template":"","format":"standard","meta":{"footnotes":""},"categories":[106,101,105,103,1,108,12],"tags":[],"class_list":["post-3957","post","type-post","status-publish","format-standard","has-post-thumbnail","hentry","category-administracions","category-ciutadania","category-empreses","category-estudiants-escoles-instituts","category-general","category-mitjans-comunicacio","category-pla-dinclusio-2","category-106","category-101","category-105","category-103","category-1","category-108","category-12","description-off"],"_links":{"self":[{"href":"https:\/\/inclusioaltemporda.cat\/portal\/wp-json\/wp\/v2\/posts\/3957","targetHints":{"allow":["GET"]}}],"collection":[{"href":"https:\/\/inclusioaltemporda.cat\/portal\/wp-json\/wp\/v2\/posts"}],"about":[{"href":"https:\/\/inclusioaltemporda.cat\/portal\/wp-json\/wp\/v2\/types\/post"}],"author":[{"embeddable":true,"href":"https:\/\/inclusioaltemporda.cat\/portal\/wp-json\/wp\/v2\/users\/2"}],"replies":[{"embeddable":true,"href":"https:\/\/inclusioaltemporda.cat\/portal\/wp-json\/wp\/v2\/comments?post=3957"}],"version-history":[{"count":2,"href":"https:\/\/inclusioaltemporda.cat\/portal\/wp-json\/wp\/v2\/posts\/3957\/revisions"}],"predecessor-version":[{"id":3961,"href":"https:\/\/inclusioaltemporda.cat\/portal\/wp-json\/wp\/v2\/posts\/3957\/revisions\/3961"}],"wp:featuredmedia":[{"embeddable":true,"href":"https:\/\/inclusioaltemporda.cat\/portal\/wp-json\/wp\/v2\/media\/3960"}],"wp:attachment":[{"href":"https:\/\/inclusioaltemporda.cat\/portal\/wp-json\/wp\/v2\/media?parent=3957"}],"wp:term":[{"taxonomy":"category","embeddable":true,"href":"https:\/\/inclusioaltemporda.cat\/portal\/wp-json\/wp\/v2\/categories?post=3957"},{"taxonomy":"post_tag","embeddable":true,"href":"https:\/\/inclusioaltemporda.cat\/portal\/wp-json\/wp\/v2\/tags?post=3957"}],"curies":[{"name":"wp","href":"https:\/\/api.w.org\/{rel}","templated":true}]}}