{"id":3974,"date":"2014-03-31T07:35:53","date_gmt":"2014-03-31T06:35:53","guid":{"rendered":"https:\/\/inclusioaltemporda.cat\/portal\/?p=3974"},"modified":"2016-02-01T09:24:49","modified_gmt":"2016-02-01T08:24:49","slug":"debats-de-treball-social-i-politica-social","status":"publish","type":"post","link":"https:\/\/inclusioaltemporda.cat\/portal\/debats-de-treball-social-i-politica-social\/","title":{"rendered":"Debats de Treball Social i Pol\u00edtica Social: la visibilitat de l&#8217;acci\u00f3 social"},"content":{"rendered":"<p>El proper 3 d&#8217;abril, en el marc dels Debats de Treball Social i Pol\u00edtica Social que co-organitzen la Universitat de Girona, la Fundaci\u00f3 Campus Arnau, el Col\u00b7legi de Treball Social i la UNED de Girona, tindr\u00e0 lloc un debat centrat en la visibilitat de l&#8217;acci\u00f3 social.<\/p>\n<p>Aquests debats estan destinats a professionals de la intervenci\u00f3 social i educativa del m\u00f3n p\u00fablic, acad\u00e8mic i associatiu.<\/p>\n<p>La presentaci\u00f3 i conducci\u00f3 del debat anir\u00e0 a c\u00e0rrec del periodista d&#8217;El Punt\/Avui Pau Lanau,i hi intervindran Carles Alsinet, professor de Psicologia de la Universitat de Lleida que parlar\u00e0 de la recerca des de la intervenci\u00f3, el Grup de Periodistes Ramon Barnils que centrar\u00e0 la intervenci\u00f3 en els silencis medi\u00e0tics de l&#8217;\u00e0mbit social i Carles Sol\u00e0, periodista especialitzat en diversitat cultural i immigraci\u00f3 i vicepresident de la Mesa per a la Diversitat en l&#8217;Audiovisual del Consell Audiovisual de Catalunya<\/p>\n<p>El debat tindr\u00e0 lloc a l&#8217;Aula Magna de la Casa de Cultura de Girona (Pla\u00e7a de l&#8217;Hospital, 6) de 18:00-20:00h.<\/p>\n","protected":false},"excerpt":{"rendered":"<p>El proper 3 d&#8217;abril se celebra un dels debats centrat en la visibilitat de l&#8217;acci\u00f3 social a la Casa de Cultura de Girona.<\/p>\n","protected":false},"author":3,"featured_media":3979,"comment_status":"closed","ping_status":"closed","sticky":false,"template":"","format":"standard","meta":{"footnotes":""},"categories":[106,100,107,101,105,104,103,1,108,102],"tags":[],"class_list":["post-3974","post","type-post","status-publish","format-standard","has-post-thumbnail","hentry","category-administracions","category-area-benestar","category-centres-recerca-universitats","category-ciutadania","category-empreses","category-entitats-socials","category-estudiants-escoles-instituts","category-general","category-mitjans-comunicacio","category-professionals-ambit-social","category-106","category-100","category-107","category-101","category-105","category-104","category-103","category-1","category-108","category-102","description-off"],"_links":{"self":[{"href":"https:\/\/inclusioaltemporda.cat\/portal\/wp-json\/wp\/v2\/posts\/3974","targetHints":{"allow":["GET"]}}],"collection":[{"href":"https:\/\/inclusioaltemporda.cat\/portal\/wp-json\/wp\/v2\/posts"}],"about":[{"href":"https:\/\/inclusioaltemporda.cat\/portal\/wp-json\/wp\/v2\/types\/post"}],"author":[{"embeddable":true,"href":"https:\/\/inclusioaltemporda.cat\/portal\/wp-json\/wp\/v2\/users\/3"}],"replies":[{"embeddable":true,"href":"https:\/\/inclusioaltemporda.cat\/portal\/wp-json\/wp\/v2\/comments?post=3974"}],"version-history":[{"count":4,"href":"https:\/\/inclusioaltemporda.cat\/portal\/wp-json\/wp\/v2\/posts\/3974\/revisions"}],"predecessor-version":[{"id":3981,"href":"https:\/\/inclusioaltemporda.cat\/portal\/wp-json\/wp\/v2\/posts\/3974\/revisions\/3981"}],"wp:featuredmedia":[{"embeddable":true,"href":"https:\/\/inclusioaltemporda.cat\/portal\/wp-json\/wp\/v2\/media\/3979"}],"wp:attachment":[{"href":"https:\/\/inclusioaltemporda.cat\/portal\/wp-json\/wp\/v2\/media?parent=3974"}],"wp:term":[{"taxonomy":"category","embeddable":true,"href":"https:\/\/inclusioaltemporda.cat\/portal\/wp-json\/wp\/v2\/categories?post=3974"},{"taxonomy":"post_tag","embeddable":true,"href":"https:\/\/inclusioaltemporda.cat\/portal\/wp-json\/wp\/v2\/tags?post=3974"}],"curies":[{"name":"wp","href":"https:\/\/api.w.org\/{rel}","templated":true}]}}