{"id":3985,"date":"2014-04-01T08:28:37","date_gmt":"2014-04-01T07:28:37","guid":{"rendered":"https:\/\/inclusioaltemporda.cat\/portal\/?p=3985"},"modified":"2016-02-01T09:24:48","modified_gmt":"2016-02-01T08:24:48","slug":"nova-edicio-de-lhora-okupalt","status":"publish","type":"post","link":"https:\/\/inclusioaltemporda.cat\/portal\/nova-edicio-de-lhora-okupalt\/","title":{"rendered":"Nova edici\u00f3 de l&#8217;Hora Okup&#8217;Alt"},"content":{"rendered":"<p>L&#8217;Hora Okup&#8217;Alt 2014 reunir\u00e0 avui dimecres a les 11h els i les participants en el projecte amb responsables de 10 empreses diferents de la comarca.<\/p>\n<p>L\u2019activitat permetr\u00e0 que empresaris amb negocis localitzats a l\u2019Alt Empord\u00e0 concedeixin entrevistes de feina, en un escenari real, als participants del projecte. En total 35 joves es donaran a con\u00e8ixer i explicaran els seus curr\u00edculums per les diferents taules on hi haur\u00e0 les empreses<\/p>\n<p>Aquesta \u00e9s una proposta innovadora de promoci\u00f3 de l\u2019ocupaci\u00f3 juvenil que respon a l\u2019objectiu d\u2019apropar el joves a les empreses de la comarca per tal de facilitar la seva incorporaci\u00f3 al mercat laboral.<\/p>\n<p>L&#8217;edici\u00f3 d&#8217;enguany de l&#8217;Okup&#8217;Alt clour\u00e0 el proper divendres despr\u00e9s de tres mesos d&#8217;activitat, en que una quarantena de joves han participat en la formaci\u00f3 d\u2019oficis organitzada pel Consell Comarcal i que ha comptat amb el suport dels ajuntaments i del teixit empresarial de la comarca.<\/p>\n","protected":false},"excerpt":{"rendered":"<p>L&#8217;Hora Okup&#8217;Alt 2014 reunir\u00e0 avui dimecres a les 11h els i les participants en el projecte amb responsables de 10 empreses diferents de la comarca.<\/p>\n","protected":false},"author":2,"featured_media":3986,"comment_status":"closed","ping_status":"closed","sticky":false,"template":"","format":"standard","meta":{"footnotes":""},"categories":[106,101,105,103,1,108,12],"tags":[],"class_list":["post-3985","post","type-post","status-publish","format-standard","has-post-thumbnail","hentry","category-administracions","category-ciutadania","category-empreses","category-estudiants-escoles-instituts","category-general","category-mitjans-comunicacio","category-pla-dinclusio-2","category-106","category-101","category-105","category-103","category-1","category-108","category-12","description-off"],"_links":{"self":[{"href":"https:\/\/inclusioaltemporda.cat\/portal\/wp-json\/wp\/v2\/posts\/3985","targetHints":{"allow":["GET"]}}],"collection":[{"href":"https:\/\/inclusioaltemporda.cat\/portal\/wp-json\/wp\/v2\/posts"}],"about":[{"href":"https:\/\/inclusioaltemporda.cat\/portal\/wp-json\/wp\/v2\/types\/post"}],"author":[{"embeddable":true,"href":"https:\/\/inclusioaltemporda.cat\/portal\/wp-json\/wp\/v2\/users\/2"}],"replies":[{"embeddable":true,"href":"https:\/\/inclusioaltemporda.cat\/portal\/wp-json\/wp\/v2\/comments?post=3985"}],"version-history":[{"count":3,"href":"https:\/\/inclusioaltemporda.cat\/portal\/wp-json\/wp\/v2\/posts\/3985\/revisions"}],"predecessor-version":[{"id":3989,"href":"https:\/\/inclusioaltemporda.cat\/portal\/wp-json\/wp\/v2\/posts\/3985\/revisions\/3989"}],"wp:featuredmedia":[{"embeddable":true,"href":"https:\/\/inclusioaltemporda.cat\/portal\/wp-json\/wp\/v2\/media\/3986"}],"wp:attachment":[{"href":"https:\/\/inclusioaltemporda.cat\/portal\/wp-json\/wp\/v2\/media?parent=3985"}],"wp:term":[{"taxonomy":"category","embeddable":true,"href":"https:\/\/inclusioaltemporda.cat\/portal\/wp-json\/wp\/v2\/categories?post=3985"},{"taxonomy":"post_tag","embeddable":true,"href":"https:\/\/inclusioaltemporda.cat\/portal\/wp-json\/wp\/v2\/tags?post=3985"}],"curies":[{"name":"wp","href":"https:\/\/api.w.org\/{rel}","templated":true}]}}