{"id":3990,"date":"2014-04-02T08:22:52","date_gmt":"2014-04-02T07:22:52","guid":{"rendered":"https:\/\/inclusioaltemporda.cat\/portal\/?p=3990"},"modified":"2016-02-01T09:24:48","modified_gmt":"2016-02-01T08:24:48","slug":"obertura-de-lespai-la-cuina-cooperativisme-a-foc-lent","status":"publish","type":"post","link":"https:\/\/inclusioaltemporda.cat\/portal\/obertura-de-lespai-la-cuina-cooperativisme-a-foc-lent\/","title":{"rendered":"Obertura de l&#8217;espai &#8220;La cuina, cooperativisme a foc lent&#8221;"},"content":{"rendered":"<p>El divendres 4 d&#8217;abril es posa en marxa el projecte <a href=\"https:\/\/inclusioaltemporda.cat\/portal\/?p=3992\">&#8220;La Cuina, cooperativisme a foc lent&#8221;<\/a> amb una xerrada de presentaci\u00f3 oberta al conjunt de poblaci\u00f3 del municipi. L&#8217;acte, que comptar\u00e0 amb la participaci\u00f3 del projecte <a href=\"http:\/\/laigualitaria.wordpress.com\/about\/\" target=\"_blank\">La igualit\u00e0ria, menjador comunitari de l&#8217;Ateneu Cooperatiu la Base de Barcelona<\/a>, servir\u00e0 per donar el tret de sortida a les diferents activitats programades que es duran a terme a <a href=\"http:\/\/ca.santpere.cat\/\" target=\"_blank\">Sant Pere Pescador<\/a> durant tot l&#8217;any 2014.<\/p>\n<p>En una primera fase, el projecte posar\u00e0 en funcionament l&#8217;espai de trobada, \u201cLa Cuina\u201d, en el qual les persones participants podran compartir i col\u00b7lectivitzar les tasques dom\u00e8stiques (cura de persones, alimentaci\u00f3 i cura de la llar). Aquest espai funcionar\u00e0 tots el divendres (a partir del 4 d&#8217;abril), a l&#8217;<a href=\"http:\/\/escolallagut.jimdo.com\/\" target=\"_blank\">Escola Llagut de Sant Pere Pescador<\/a>, de quatre a vuit de la tarda.<\/p>\n<p>En un segon moment el projecte t\u00e9 previst posar en marxa una oficina de formaci\u00f3 i assessorament per fomentar iniciatives d&#8217;emprenedoria i d\u2019autocupaci\u00f3 entre les persones que participin en aquest espai.<\/p>\n<p>El projecte d\u2019emprenedoria social &#8220;La Cuina, cooperativisme a foc lent&#8221;, promogut per la <a href=\"https:\/\/twitter.com\/CoopEines\" target=\"_blank\">Cooperativa Eines<\/a> i guardonat amb el <a href=\"https:\/\/inclusioaltemporda.cat\/portal\/i-concurs-de-projectes-per-a-la-inclusio-social-a-lalt-emporda\/\">primer Premi Inclusi\u00f3 2013<\/a>, vol donar resposta a la situaci\u00f3 de crisi mitjan\u00e7at una proposta innovadora que integra les perspectives intercultural i de g\u00e8nere. T\u00e9 com a objectiu promoure l\u2019acci\u00f3 comunit\u00e0ria i l\u2019economia social i cooperativa per fer front a la precarietat de les economies dom\u00e8stiques, l\u2019atur de llarga durada i els efectes de la crisi en determinats sectors vulnerables de la societat.<\/p>\n","protected":false},"excerpt":{"rendered":"<p>El projecte guanyador del Premi Inclusi\u00f3 2013 del Consell Comarcal inicia el divendres vinent les sessions de treball a Sant Pere Pescador<\/p>\n","protected":false},"author":2,"featured_media":2927,"comment_status":"closed","ping_status":"closed","sticky":false,"template":"","format":"standard","meta":{"footnotes":""},"categories":[106,100,107,101,105,104,103,1,108,12],"tags":[],"class_list":["post-3990","post","type-post","status-publish","format-standard","has-post-thumbnail","hentry","category-administracions","category-area-benestar","category-centres-recerca-universitats","category-ciutadania","category-empreses","category-entitats-socials","category-estudiants-escoles-instituts","category-general","category-mitjans-comunicacio","category-pla-dinclusio-2","category-106","category-100","category-107","category-101","category-105","category-104","category-103","category-1","category-108","category-12","description-off"],"_links":{"self":[{"href":"https:\/\/inclusioaltemporda.cat\/portal\/wp-json\/wp\/v2\/posts\/3990","targetHints":{"allow":["GET"]}}],"collection":[{"href":"https:\/\/inclusioaltemporda.cat\/portal\/wp-json\/wp\/v2\/posts"}],"about":[{"href":"https:\/\/inclusioaltemporda.cat\/portal\/wp-json\/wp\/v2\/types\/post"}],"author":[{"embeddable":true,"href":"https:\/\/inclusioaltemporda.cat\/portal\/wp-json\/wp\/v2\/users\/2"}],"replies":[{"embeddable":true,"href":"https:\/\/inclusioaltemporda.cat\/portal\/wp-json\/wp\/v2\/comments?post=3990"}],"version-history":[{"count":8,"href":"https:\/\/inclusioaltemporda.cat\/portal\/wp-json\/wp\/v2\/posts\/3990\/revisions"}],"predecessor-version":[{"id":4002,"href":"https:\/\/inclusioaltemporda.cat\/portal\/wp-json\/wp\/v2\/posts\/3990\/revisions\/4002"}],"wp:featuredmedia":[{"embeddable":true,"href":"https:\/\/inclusioaltemporda.cat\/portal\/wp-json\/wp\/v2\/media\/2927"}],"wp:attachment":[{"href":"https:\/\/inclusioaltemporda.cat\/portal\/wp-json\/wp\/v2\/media?parent=3990"}],"wp:term":[{"taxonomy":"category","embeddable":true,"href":"https:\/\/inclusioaltemporda.cat\/portal\/wp-json\/wp\/v2\/categories?post=3990"},{"taxonomy":"post_tag","embeddable":true,"href":"https:\/\/inclusioaltemporda.cat\/portal\/wp-json\/wp\/v2\/tags?post=3990"}],"curies":[{"name":"wp","href":"https:\/\/api.w.org\/{rel}","templated":true}]}}