{"id":4011,"date":"2014-04-04T09:04:20","date_gmt":"2014-04-04T08:04:20","guid":{"rendered":"https:\/\/inclusioaltemporda.cat\/portal\/?p=4011"},"modified":"2016-02-01T09:24:48","modified_gmt":"2016-02-01T08:24:48","slug":"el-projecte-mentorae-a-les-jornades-solidaritat-de-berga","status":"publish","type":"post","link":"https:\/\/inclusioaltemporda.cat\/portal\/el-projecte-mentorae-a-les-jornades-solidaritat-de-berga\/","title":{"rendered":"El projecte MentorAE a les Jornades +Solidaritat de Berga"},"content":{"rendered":"<p>L&#8217;equip del projecte MentorAE presentar\u00e0 avui l&#8217;experi\u00e8ncia en el marc de la Jornada +Solidaritat organitzada per l&#8217;Ajuntament de Berga, el Consell Comarcal del Bergued\u00e0 i diverses entitats socials i de cooperaci\u00f3 del Bergued\u00e0. Aquesta iniciativa pret\u00e9n sensibilitzar la ciutadania de la necessitat de ser m\u00e9s solidaris amb l\u2019entorn proper i lluny\u00e0. Enguany a +Solidaritat s&#8217;hi presentaran quatre projectes socials fets en altres indrets de Catalunya, entre els quals el projecte MentorAE.<\/p>\n<p>MentorAE (antic projecte \u201cM\u00e9s Grans\u201d) \u00e9s un programa de mentoratge i suport social intergeneracional que t\u00e9 com a finalitat afavorir l\u2019intercanvi i la solidaritat entre generacions (hi participen persones de m\u00e9s de 55 anys, pares i\/o mares i infants), tot promovent experi\u00e8ncies de suport familiar a la comarca que generin un valor social afegit.<\/p>\n<p>Les persones s\u00e8niors que participen en el projecte (sols o en parella) fan de mentors amb fam\u00edlies de risc social lleu mancades de xarxa social. Els mentors s\u00f3n les persones que ofereixen volunt\u00e0riament el seu temps per donar suport i encoratjar altres persones que es troben en situaci\u00f3 de desavantatge, compartint experi\u00e8ncies i coneixements durant un temps.<\/p>\n","protected":false},"excerpt":{"rendered":"<p>L&#8217;\u00c0rea de Benestar del Consell Comarcal presentar\u00e0 aquest mat\u00ed el projecte de mentoratge a la jornada +Solidaritat <\/p>\n","protected":false},"author":2,"featured_media":4012,"comment_status":"closed","ping_status":"closed","sticky":false,"template":"","format":"standard","meta":{"footnotes":""},"categories":[106,100,101,103,1,108,12],"tags":[],"class_list":["post-4011","post","type-post","status-publish","format-standard","has-post-thumbnail","hentry","category-administracions","category-area-benestar","category-ciutadania","category-estudiants-escoles-instituts","category-general","category-mitjans-comunicacio","category-pla-dinclusio-2","category-106","category-100","category-101","category-103","category-1","category-108","category-12","description-off"],"_links":{"self":[{"href":"https:\/\/inclusioaltemporda.cat\/portal\/wp-json\/wp\/v2\/posts\/4011","targetHints":{"allow":["GET"]}}],"collection":[{"href":"https:\/\/inclusioaltemporda.cat\/portal\/wp-json\/wp\/v2\/posts"}],"about":[{"href":"https:\/\/inclusioaltemporda.cat\/portal\/wp-json\/wp\/v2\/types\/post"}],"author":[{"embeddable":true,"href":"https:\/\/inclusioaltemporda.cat\/portal\/wp-json\/wp\/v2\/users\/2"}],"replies":[{"embeddable":true,"href":"https:\/\/inclusioaltemporda.cat\/portal\/wp-json\/wp\/v2\/comments?post=4011"}],"version-history":[{"count":4,"href":"https:\/\/inclusioaltemporda.cat\/portal\/wp-json\/wp\/v2\/posts\/4011\/revisions"}],"predecessor-version":[{"id":4017,"href":"https:\/\/inclusioaltemporda.cat\/portal\/wp-json\/wp\/v2\/posts\/4011\/revisions\/4017"}],"wp:featuredmedia":[{"embeddable":true,"href":"https:\/\/inclusioaltemporda.cat\/portal\/wp-json\/wp\/v2\/media\/4012"}],"wp:attachment":[{"href":"https:\/\/inclusioaltemporda.cat\/portal\/wp-json\/wp\/v2\/media?parent=4011"}],"wp:term":[{"taxonomy":"category","embeddable":true,"href":"https:\/\/inclusioaltemporda.cat\/portal\/wp-json\/wp\/v2\/categories?post=4011"},{"taxonomy":"post_tag","embeddable":true,"href":"https:\/\/inclusioaltemporda.cat\/portal\/wp-json\/wp\/v2\/tags?post=4011"}],"curies":[{"name":"wp","href":"https:\/\/api.w.org\/{rel}","templated":true}]}}