{"id":4021,"date":"2014-04-08T07:59:04","date_gmt":"2014-04-08T06:59:04","guid":{"rendered":"https:\/\/inclusioaltemporda.cat\/portal\/?p=4021"},"modified":"2016-02-01T09:24:48","modified_gmt":"2016-02-01T08:24:48","slug":"commemoracio-del-dia-internacional-del-poble-gitano","status":"publish","type":"post","link":"https:\/\/inclusioaltemporda.cat\/portal\/commemoracio-del-dia-internacional-del-poble-gitano\/","title":{"rendered":"Commemoraci\u00f3 del Dia Internacional del poble gitano"},"content":{"rendered":"<p>Avui dimarts, 8 d&#8217;abril, es commemora el Dia Internacional del poble gitano. Aquesta data \u00e9s celebrada pel moviment associatiu, les institucions p\u00fabliques i les comunitats gitanes de diferents parts del m\u00f3n per visibilitzar l&#8217;heterogene\u00eftat i vulnerabilitat d&#8217;aquesta \u00e8tnia que a Europa est\u00e0 integrada per m\u00e9s de 10 milions de persones.<\/p>\n<p>L&#8217;Ajuntament de Figueres ha organitzat diversos actes al Casal C\u00edvic Bon Pastor amb la finalitat de commemorar aquest Dia i promoure la cultura gitana.<\/p>\n<p>A partir de les 17:30 i fins a les 19:30 est\u00e0 prevista una xerrada a c\u00e0rrec de l&#8217;Associaci\u00f3 del Barri de Sant Joan sobre els &#8220;Canvis en la comunitat gitana: com es vivia abans i com es viu ara. Difer\u00e8ncia entre cultura gitana i marginalitat&#8221;, que anir\u00e0 seguida d&#8217;una taula rodona sobre &#8220;Joves amb Futur&#8221; on es presentar\u00e0 una roda d&#8217;experi\u00e8ncies d&#8217;\u00e8xit escolar d&#8217;alumnes d&#8217;ESO i Universitat.<\/p>\n<p>A partir de les 20:00h est\u00e0 prevista la celebraci\u00f3 d&#8217;un sopar comunitari al barri de Sant Joan.<\/p>\n<p>&nbsp;<\/p>\n","protected":false},"excerpt":{"rendered":"<p>Avui dimarts, 8 d&#8217;abril, es commemora el Dia Internacional del poble gitano. L&#8217;Ajuntament de Figueres ha organitzat diversos actes al Casal C\u00edvic Bon Pastor.<\/p>\n","protected":false},"author":3,"featured_media":4023,"comment_status":"closed","ping_status":"closed","sticky":false,"template":"","format":"standard","meta":{"footnotes":""},"categories":[106,101,105,104,103,1,108],"tags":[],"class_list":["post-4021","post","type-post","status-publish","format-standard","has-post-thumbnail","hentry","category-administracions","category-ciutadania","category-empreses","category-entitats-socials","category-estudiants-escoles-instituts","category-general","category-mitjans-comunicacio","category-106","category-101","category-105","category-104","category-103","category-1","category-108","description-off"],"_links":{"self":[{"href":"https:\/\/inclusioaltemporda.cat\/portal\/wp-json\/wp\/v2\/posts\/4021","targetHints":{"allow":["GET"]}}],"collection":[{"href":"https:\/\/inclusioaltemporda.cat\/portal\/wp-json\/wp\/v2\/posts"}],"about":[{"href":"https:\/\/inclusioaltemporda.cat\/portal\/wp-json\/wp\/v2\/types\/post"}],"author":[{"embeddable":true,"href":"https:\/\/inclusioaltemporda.cat\/portal\/wp-json\/wp\/v2\/users\/3"}],"replies":[{"embeddable":true,"href":"https:\/\/inclusioaltemporda.cat\/portal\/wp-json\/wp\/v2\/comments?post=4021"}],"version-history":[{"count":6,"href":"https:\/\/inclusioaltemporda.cat\/portal\/wp-json\/wp\/v2\/posts\/4021\/revisions"}],"predecessor-version":[{"id":4028,"href":"https:\/\/inclusioaltemporda.cat\/portal\/wp-json\/wp\/v2\/posts\/4021\/revisions\/4028"}],"wp:featuredmedia":[{"embeddable":true,"href":"https:\/\/inclusioaltemporda.cat\/portal\/wp-json\/wp\/v2\/media\/4023"}],"wp:attachment":[{"href":"https:\/\/inclusioaltemporda.cat\/portal\/wp-json\/wp\/v2\/media?parent=4021"}],"wp:term":[{"taxonomy":"category","embeddable":true,"href":"https:\/\/inclusioaltemporda.cat\/portal\/wp-json\/wp\/v2\/categories?post=4021"},{"taxonomy":"post_tag","embeddable":true,"href":"https:\/\/inclusioaltemporda.cat\/portal\/wp-json\/wp\/v2\/tags?post=4021"}],"curies":[{"name":"wp","href":"https:\/\/api.w.org\/{rel}","templated":true}]}}