{"id":4036,"date":"2014-04-09T09:41:08","date_gmt":"2014-04-09T08:41:08","guid":{"rendered":"https:\/\/inclusioaltemporda.cat\/portal\/?p=4036"},"modified":"2016-02-01T09:24:48","modified_gmt":"2016-02-01T08:24:48","slug":"nova-edicio-del-concurs-de-cartells-del-dia-mundial-sense-tabac","status":"publish","type":"post","link":"https:\/\/inclusioaltemporda.cat\/portal\/nova-edicio-del-concurs-de-cartells-del-dia-mundial-sense-tabac\/","title":{"rendered":"Nova edici\u00f3 del Concurs de cartells del &#8220;Dia Mundial Sense Tabac&#8221;"},"content":{"rendered":"<p>En el marc del programa de prevenci\u00f3 de les drogodepend\u00e8ncies de l&#8217;Alt Empord\u00e0 el Consell Comarcal organitza una nova edici\u00f3 del Concurs de cartells del &#8220;Dia Mundial Sense Tabac&#8221;, adre\u00e7at a l&#8217;alumnat d\u2019ESO dels centres educatius de la comarca.<\/p>\n<p>Sota el lema &#8220;Tabac m\u00e9s car, millor salut&#8221;, el 13\u00e8 Concurs de cartells vol sensibilitzar entorn la proposta de l&#8217;<a href=\"http:\/\/www.who.int\/campaigns\/no-tobacco-day\/2014\/event\/en\/\" target=\"_blank\">Organitzaci\u00f3 Mundial de la Salut (OMS),<\/a> que enguany ha proposat incrementar els preus del tabac per reduir el nombre de nous consumidors, en sintonia amb diverses investigacions, que apunten l\u2019efic\u00e0cia de mesures d\u2019augment de preus.<\/p>\n<p>El guanyador\/a del concurs rebr\u00e0 un premi valorat en 100 euros, i el centre al que pertanyi rebr\u00e0 materials educatius per un valor de 300 euros. Els cartells participants en el concurs hauran de ser presentats a la seu del Consell Comarcal de l\u2019Alt Empord\u00e0, abans del dilluns 13 de maig a les 13h. Podeu consultar les bases en <a href=\"https:\/\/inclusioaltemporda.cat\/portal\/wp-content\/uploads\/Bases-13e-Concurs-dia-munidal-sense-tabac.pdf\">aquest enlla\u00e7<\/a>.<\/p>\n<p>El lliurament dels premis ser\u00e0 el proper divendres 30 de maig a la una del migdia a la seu del Consell Comarcal.<\/p>\n<p>&nbsp;<\/p>\n","protected":false},"excerpt":{"rendered":"<p>Oberta la convocat\u00f2ria del Concurs de cartells, adre\u00e7ada a tots alumnes d&#8217;ESO dels Instituts de l&#8217;Alt Empord\u00e0<\/p>\n","protected":false},"author":2,"featured_media":4048,"comment_status":"closed","ping_status":"closed","sticky":false,"template":"","format":"standard","meta":{"footnotes":""},"categories":[106,100,101,103,1,108],"tags":[],"class_list":["post-4036","post","type-post","status-publish","format-standard","has-post-thumbnail","hentry","category-administracions","category-area-benestar","category-ciutadania","category-estudiants-escoles-instituts","category-general","category-mitjans-comunicacio","category-106","category-100","category-101","category-103","category-1","category-108","description-off"],"_links":{"self":[{"href":"https:\/\/inclusioaltemporda.cat\/portal\/wp-json\/wp\/v2\/posts\/4036","targetHints":{"allow":["GET"]}}],"collection":[{"href":"https:\/\/inclusioaltemporda.cat\/portal\/wp-json\/wp\/v2\/posts"}],"about":[{"href":"https:\/\/inclusioaltemporda.cat\/portal\/wp-json\/wp\/v2\/types\/post"}],"author":[{"embeddable":true,"href":"https:\/\/inclusioaltemporda.cat\/portal\/wp-json\/wp\/v2\/users\/2"}],"replies":[{"embeddable":true,"href":"https:\/\/inclusioaltemporda.cat\/portal\/wp-json\/wp\/v2\/comments?post=4036"}],"version-history":[{"count":7,"href":"https:\/\/inclusioaltemporda.cat\/portal\/wp-json\/wp\/v2\/posts\/4036\/revisions"}],"predecessor-version":[{"id":4051,"href":"https:\/\/inclusioaltemporda.cat\/portal\/wp-json\/wp\/v2\/posts\/4036\/revisions\/4051"}],"wp:featuredmedia":[{"embeddable":true,"href":"https:\/\/inclusioaltemporda.cat\/portal\/wp-json\/wp\/v2\/media\/4048"}],"wp:attachment":[{"href":"https:\/\/inclusioaltemporda.cat\/portal\/wp-json\/wp\/v2\/media?parent=4036"}],"wp:term":[{"taxonomy":"category","embeddable":true,"href":"https:\/\/inclusioaltemporda.cat\/portal\/wp-json\/wp\/v2\/categories?post=4036"},{"taxonomy":"post_tag","embeddable":true,"href":"https:\/\/inclusioaltemporda.cat\/portal\/wp-json\/wp\/v2\/tags?post=4036"}],"curies":[{"name":"wp","href":"https:\/\/api.w.org\/{rel}","templated":true}]}}