{"id":4079,"date":"2014-04-14T11:02:32","date_gmt":"2014-04-14T10:02:32","guid":{"rendered":"https:\/\/inclusioaltemporda.cat\/portal\/?p=4079"},"modified":"2016-02-01T09:24:48","modified_gmt":"2016-02-01T08:24:48","slug":"xi-edicio-del-concurs-de-prosa-i-poesia","status":"publish","type":"post","link":"https:\/\/inclusioaltemporda.cat\/portal\/xi-edicio-del-concurs-de-prosa-i-poesia\/","title":{"rendered":"XI edici\u00f3 del Concurs de Prosa i Poesia"},"content":{"rendered":"<p>El Consell Consultiu de la Gent Gran de l\u2019Alt Empord\u00e0 celebrar\u00e0 enguany la 11a edici\u00f3 del Concurs de Prosa i Poesia, amb la voluntat de continuar donant suport i impulsant l\u2019activitat cultural i l\u2019expressi\u00f3 liter\u00e0ria de les persones m\u00e9s grans de la comarca. Tanmateix, com en l\u2019edici\u00f3 anterior, per tal d\u2019afavorir les relacions intergeneracionals aquest any tamb\u00e9 s\u2019obre el concurs a la participaci\u00f3 de qualsevol persona sense tenir en compte la seva edat.<\/p>\n<p>Podran participar al concurs els i les residents a l\u2019Alt Empord\u00e0, en qualsevol de les dues modalitats, prosa o poesia, presentant obres d\u2019inventiva pr\u00f2pia i in\u00e8dites de tem\u00e0tica lliure. Les obres s\u2019hauran de presentar en format de CD dins d\u2019un sobre tancat amb la cita \u201c11\u00e8 Premi de Prosa i Poesia\u201d. A l\u2019interior, en un altre sobre tancat s\u2019hi haur\u00e0 de fer constar el nom i cognoms de l\u2019autor, pseud\u00f2nim, adre\u00e7a, tel\u00e8fon, c\u00f2pia del DNI i el t\u00edtol de l\u2019obra.<\/p>\n<p>Les persones interessades poden presentar les seves obres fins el dia 16 de maig al Consell Comarcal, seguint els criteris fixats en les bases del concurs.<\/p>\n<p>El dimecres 11 de juny se celebrar\u00e0 a la seu del Consell Comarcal l\u2019acte d\u2019entrega de premis.<\/p>\n","protected":false},"excerpt":{"rendered":"<p>El Consell Consultiu de la Gent Gran organitza aquesta activitat amb la voluntat de donar suport i impulsar l\u2019activitat cultural i l\u2019expressi\u00f3 liter\u00e0ria de les persones m\u00e9s grans.<\/p>\n","protected":false},"author":2,"featured_media":4084,"comment_status":"closed","ping_status":"closed","sticky":false,"template":"","format":"standard","meta":{"footnotes":""},"categories":[106,100,101,103,1,108],"tags":[],"class_list":["post-4079","post","type-post","status-publish","format-standard","has-post-thumbnail","hentry","category-administracions","category-area-benestar","category-ciutadania","category-estudiants-escoles-instituts","category-general","category-mitjans-comunicacio","category-106","category-100","category-101","category-103","category-1","category-108","description-off"],"_links":{"self":[{"href":"https:\/\/inclusioaltemporda.cat\/portal\/wp-json\/wp\/v2\/posts\/4079","targetHints":{"allow":["GET"]}}],"collection":[{"href":"https:\/\/inclusioaltemporda.cat\/portal\/wp-json\/wp\/v2\/posts"}],"about":[{"href":"https:\/\/inclusioaltemporda.cat\/portal\/wp-json\/wp\/v2\/types\/post"}],"author":[{"embeddable":true,"href":"https:\/\/inclusioaltemporda.cat\/portal\/wp-json\/wp\/v2\/users\/2"}],"replies":[{"embeddable":true,"href":"https:\/\/inclusioaltemporda.cat\/portal\/wp-json\/wp\/v2\/comments?post=4079"}],"version-history":[{"count":4,"href":"https:\/\/inclusioaltemporda.cat\/portal\/wp-json\/wp\/v2\/posts\/4079\/revisions"}],"predecessor-version":[{"id":5318,"href":"https:\/\/inclusioaltemporda.cat\/portal\/wp-json\/wp\/v2\/posts\/4079\/revisions\/5318"}],"wp:featuredmedia":[{"embeddable":true,"href":"https:\/\/inclusioaltemporda.cat\/portal\/wp-json\/wp\/v2\/media\/4084"}],"wp:attachment":[{"href":"https:\/\/inclusioaltemporda.cat\/portal\/wp-json\/wp\/v2\/media?parent=4079"}],"wp:term":[{"taxonomy":"category","embeddable":true,"href":"https:\/\/inclusioaltemporda.cat\/portal\/wp-json\/wp\/v2\/categories?post=4079"},{"taxonomy":"post_tag","embeddable":true,"href":"https:\/\/inclusioaltemporda.cat\/portal\/wp-json\/wp\/v2\/tags?post=4079"}],"curies":[{"name":"wp","href":"https:\/\/api.w.org\/{rel}","templated":true}]}}