{"id":4089,"date":"2014-04-15T07:39:42","date_gmt":"2014-04-15T06:39:42","guid":{"rendered":"https:\/\/inclusioaltemporda.cat\/portal\/?p=4089"},"modified":"2016-02-01T09:24:47","modified_gmt":"2016-02-01T08:24:47","slug":"xerrades-lentorn-de-lalzheimer-una-mirada-multidisplinar","status":"publish","type":"post","link":"https:\/\/inclusioaltemporda.cat\/portal\/xerrades-lentorn-de-lalzheimer-una-mirada-multidisplinar\/","title":{"rendered":"Xerrades: L&#8217;entorn de l&#8217;Alzheimer, una mirada multidisplinar"},"content":{"rendered":"<p>L&#8217;Associaci\u00f3 d&#8217;Ajuda a Malalts d&#8217;Alzheimer i Fam\u00edlia (AMA) organitza el proper 13 de maig a partir de les 16:00h un cicle de xerrades sota el t\u00edtol: L&#8217;entorn de l&#8217;Alzheimer, una mirada multidisciplinar.<\/p>\n<p>Aquestes xerrades aniran a c\u00e0rrec de persones expertes en la malaltia, l&#8217;atenci\u00f3 a les persones en situaci\u00f3 de depend\u00e8ncia o malalts amb dem\u00e8ncia i a les fam\u00edlies. Aquesta activitat \u00e9s\u00a0 gratu\u00efta i tindr\u00e0 lloc a la seu de l&#8217;associaci\u00f3 (c. Pere, III, 93 de Figueres).<\/p>\n<p>Podeu <a href=\"https:\/\/inclusioaltemporda.cat\/portal\/wp-content\/uploads\/lentorn-de-lAlzheimer-una-mirada-multidisciplinar.pdf\">consultar el programa en aquest enlla\u00e7<\/a>. Cal inscripci\u00f3 pr\u00e8via abans del 6 de maig mitjan\u00e7ant correu electr\u00f2nic (alzheimerfigueres@hotmail.com) o tel\u00e8fon (972 675 511).<\/p>\n","protected":false},"excerpt":{"rendered":"<p>L&#8217;AMA organitza el proper 13 de maig a partir de les 16:00h un cicle de xerrades sota el t\u00edtol: L&#8217;entorn de l&#8217;Alzheimer, una mirada multidisciplinar.<\/p>\n","protected":false},"author":3,"featured_media":4091,"comment_status":"closed","ping_status":"closed","sticky":false,"template":"","format":"standard","meta":{"footnotes":""},"categories":[106,100,101,105,104,1,108,102],"tags":[],"class_list":["post-4089","post","type-post","status-publish","format-standard","has-post-thumbnail","hentry","category-administracions","category-area-benestar","category-ciutadania","category-empreses","category-entitats-socials","category-general","category-mitjans-comunicacio","category-professionals-ambit-social","category-106","category-100","category-101","category-105","category-104","category-1","category-108","category-102","description-off"],"_links":{"self":[{"href":"https:\/\/inclusioaltemporda.cat\/portal\/wp-json\/wp\/v2\/posts\/4089","targetHints":{"allow":["GET"]}}],"collection":[{"href":"https:\/\/inclusioaltemporda.cat\/portal\/wp-json\/wp\/v2\/posts"}],"about":[{"href":"https:\/\/inclusioaltemporda.cat\/portal\/wp-json\/wp\/v2\/types\/post"}],"author":[{"embeddable":true,"href":"https:\/\/inclusioaltemporda.cat\/portal\/wp-json\/wp\/v2\/users\/3"}],"replies":[{"embeddable":true,"href":"https:\/\/inclusioaltemporda.cat\/portal\/wp-json\/wp\/v2\/comments?post=4089"}],"version-history":[{"count":2,"href":"https:\/\/inclusioaltemporda.cat\/portal\/wp-json\/wp\/v2\/posts\/4089\/revisions"}],"predecessor-version":[{"id":4093,"href":"https:\/\/inclusioaltemporda.cat\/portal\/wp-json\/wp\/v2\/posts\/4089\/revisions\/4093"}],"wp:featuredmedia":[{"embeddable":true,"href":"https:\/\/inclusioaltemporda.cat\/portal\/wp-json\/wp\/v2\/media\/4091"}],"wp:attachment":[{"href":"https:\/\/inclusioaltemporda.cat\/portal\/wp-json\/wp\/v2\/media?parent=4089"}],"wp:term":[{"taxonomy":"category","embeddable":true,"href":"https:\/\/inclusioaltemporda.cat\/portal\/wp-json\/wp\/v2\/categories?post=4089"},{"taxonomy":"post_tag","embeddable":true,"href":"https:\/\/inclusioaltemporda.cat\/portal\/wp-json\/wp\/v2\/tags?post=4089"}],"curies":[{"name":"wp","href":"https:\/\/api.w.org\/{rel}","templated":true}]}}