{"id":4094,"date":"2014-04-16T08:53:01","date_gmt":"2014-04-16T07:53:01","guid":{"rendered":"https:\/\/inclusioaltemporda.cat\/portal\/?p=4094"},"modified":"2016-02-01T09:24:47","modified_gmt":"2016-02-01T08:24:47","slug":"i-jornada-dapoderament-i-capacitacio-parental","status":"publish","type":"post","link":"https:\/\/inclusioaltemporda.cat\/portal\/i-jornada-dapoderament-i-capacitacio-parental\/","title":{"rendered":"I Jornada d&#8217;Apoderament i Capacitaci\u00f3 Parental"},"content":{"rendered":"<p>L&#8217;\u00c0rea de Benestar social del Consell Comarcal de l&#8217;Alt Empord\u00e0 organitzar\u00e0 la <a href=\"https:\/\/inclusioaltemporda.cat\/portal\/wp-content\/uploads\/JORNADA-DE-APODERAMENT2-2.pdf\">primera edici\u00f3 de la Jornada d&#8217;Apoderament i Capacitaci\u00f3 Parental<\/a> el proper 19 de maig amb l&#8217;objectiu de dotar de nous coneixement i eines als professionals que treballen en aquest \u00e0mbit amb fam\u00edlies i infants.<\/p>\n<p>L&#8217;activitat neix de la reflexi\u00f3 dels equips de treball de l\u2019\u00e0rea de Benestar per donar resposta a les necessitats familiars que emergeixen en una societat canviant i complexa on conviuen nous models, estructures i relacions familiars. La jornada s&#8217;iniciar\u00e0 amb la pon\u00e8ncia de la Dra. Lourdes Bermejo, que plantejar\u00e0 &#8220;Les noves mirades en la intervenci\u00f3: el treball centrat en la persona&#8221;. A continuaci\u00f3 hi ha prevista una taula rodona d&#8217;experi\u00e8ncies en que es presentaran tres iniciatives de treball en l&#8217;\u00e0mbit de la capacitaci\u00f3 parental dutes a terme en diferents llocs del pa\u00eds. Per cloure la jornada hi ha previst un workshop d\u2019empoderament amb t\u00e8cniques de PNL, coaching de vida i humor terap\u00e8utic, a c\u00e0rrec de Jordi Baiget i Gl\u00f2ria Torra.<\/p>\n<p>Podeu consultar tot el programa en <a href=\"https:\/\/inclusioaltemporda.cat\/portal\/wp-content\/uploads\/JORNADA-DE-APODERAMENT2-2.pdf\">aquest enlla\u00e7<\/a>. Les inscripcions a la jornada s&#8217;han de realitzar mitjan\u00e7ant <a href=\"inclusioaltemporda.cat\/portal\/wp-content\/uploads\/full-inscripci%C3%B3.doc\">aquest full d&#8217;inscripci\u00f3<\/a>, abans del dia 12 de maig. La quota d&#8217;inscripci\u00f3 \u00e9s de 10 \u20ac.<\/p>\n","protected":false},"excerpt":{"rendered":"<p>L&#8217;\u00c0rea de Benestar social del Consell Comarcal de l&#8217;Alt Empord\u00e0 organitzar\u00e0 la primera edici\u00f3 de la jornada el proper 19 de maig<\/p>\n","protected":false},"author":2,"featured_media":4099,"comment_status":"closed","ping_status":"closed","sticky":false,"template":"","format":"standard","meta":{"footnotes":""},"categories":[106,100,101,104,103,1,108,102],"tags":[],"class_list":["post-4094","post","type-post","status-publish","format-standard","has-post-thumbnail","hentry","category-administracions","category-area-benestar","category-ciutadania","category-entitats-socials","category-estudiants-escoles-instituts","category-general","category-mitjans-comunicacio","category-professionals-ambit-social","category-106","category-100","category-101","category-104","category-103","category-1","category-108","category-102","description-off"],"_links":{"self":[{"href":"https:\/\/inclusioaltemporda.cat\/portal\/wp-json\/wp\/v2\/posts\/4094","targetHints":{"allow":["GET"]}}],"collection":[{"href":"https:\/\/inclusioaltemporda.cat\/portal\/wp-json\/wp\/v2\/posts"}],"about":[{"href":"https:\/\/inclusioaltemporda.cat\/portal\/wp-json\/wp\/v2\/types\/post"}],"author":[{"embeddable":true,"href":"https:\/\/inclusioaltemporda.cat\/portal\/wp-json\/wp\/v2\/users\/2"}],"replies":[{"embeddable":true,"href":"https:\/\/inclusioaltemporda.cat\/portal\/wp-json\/wp\/v2\/comments?post=4094"}],"version-history":[{"count":2,"href":"https:\/\/inclusioaltemporda.cat\/portal\/wp-json\/wp\/v2\/posts\/4094\/revisions"}],"predecessor-version":[{"id":4098,"href":"https:\/\/inclusioaltemporda.cat\/portal\/wp-json\/wp\/v2\/posts\/4094\/revisions\/4098"}],"wp:featuredmedia":[{"embeddable":true,"href":"https:\/\/inclusioaltemporda.cat\/portal\/wp-json\/wp\/v2\/media\/4099"}],"wp:attachment":[{"href":"https:\/\/inclusioaltemporda.cat\/portal\/wp-json\/wp\/v2\/media?parent=4094"}],"wp:term":[{"taxonomy":"category","embeddable":true,"href":"https:\/\/inclusioaltemporda.cat\/portal\/wp-json\/wp\/v2\/categories?post=4094"},{"taxonomy":"post_tag","embeddable":true,"href":"https:\/\/inclusioaltemporda.cat\/portal\/wp-json\/wp\/v2\/tags?post=4094"}],"curies":[{"name":"wp","href":"https:\/\/api.w.org\/{rel}","templated":true}]}}