{"id":4118,"date":"2014-04-23T08:30:54","date_gmt":"2014-04-23T07:30:54","guid":{"rendered":"https:\/\/inclusioaltemporda.cat\/portal\/?p=4118"},"modified":"2016-02-01T09:24:47","modified_gmt":"2016-02-01T08:24:47","slug":"la-taula-dentitats-inclusio-alt-emporda-estrena-web","status":"publish","type":"post","link":"https:\/\/inclusioaltemporda.cat\/portal\/la-taula-dentitats-inclusio-alt-emporda-estrena-web\/","title":{"rendered":"La Taula d&#8217;Entitats Inclusi\u00f3 Alt Empord\u00e0 estrena web"},"content":{"rendered":"<p>La Taula d&#8217;Entitats d&#8217;Inclusi\u00f3 Alt Empord\u00e0 estrena web aquest Sant Jordi. Aquesta iniciativa neix de l&#8217;inter\u00e8s de les entitats socials de la comarca de comptar amb un espai web propi que els permeti donar a con\u00e8ixer els projectes solidaris i d&#8217;intervenci\u00f3 social que porten a terme a tot el territori.<\/p>\n<p>La p\u00e0gina web de la Taula d&#8217;Entitats t\u00e9 com a finalitat promoure una major sensibilitzaci\u00f3 i comprom\u00eds de la poblaci\u00f3 envers els projectes solidaris que promouen les entitats i informar sobre els projectes de voluntariat en qu\u00e8 la ciutadania por participar tant a la comarca, com a Catalunya i a l&#8217;estranger.<\/p>\n<p>La p\u00e0gina web compta amb una secci\u00f3 destinada a donar a con\u00e8ixer els projectes de voluntariat de les entitats, informaci\u00f3 general sobre qu\u00e8 vol dir ser voluntari (drets i deures) i t\u00e9 un espai d&#8217;agenda i de not\u00edcies mitjan\u00e7ant el qual s&#8217;informar\u00e0 di\u00e0riament de les activitats que porten a terme les entitats socials a la comarca.<\/p>\n<p>Us convidem a con\u00e8ixer aquesta nova p\u00e0gina web. <a href=\"http:\/\/www.plataformaentitatsaltemporda.cat\/\">Ho podeu fer mitjan\u00e7ant aquest enlla\u00e7<\/a>.<\/p>\n<p>La Taula d&#8217;Entitats d&#8217;Inclusi\u00f3 Alt Empord\u00e0 us regala uns punts de llibre que s&#8217;han editat per celebrar l&#8217;estrena de la seva p\u00e0gina web. <a href=\"https:\/\/inclusioaltemporda.cat\/portal\/wp-content\/uploads\/punt-llibre.jpg\">Us els podeu descarregar clickant aqu\u00ed<\/a>.<\/p>\n","protected":false},"excerpt":{"rendered":"<p>La Taula d&#8217;Entitats d&#8217;Inclusi\u00f3 Alt Empord\u00e0 estrena web aquest Sant Jordi ! Entra i navega&#8230;<\/p>\n","protected":false},"author":3,"featured_media":4119,"comment_status":"closed","ping_status":"closed","sticky":false,"template":"","format":"standard","meta":{"footnotes":""},"categories":[106,100,107,101,105,104,103,1,108,102,11],"tags":[],"class_list":["post-4118","post","type-post","status-publish","format-standard","has-post-thumbnail","hentry","category-administracions","category-area-benestar","category-centres-recerca-universitats","category-ciutadania","category-empreses","category-entitats-socials","category-estudiants-escoles-instituts","category-general","category-mitjans-comunicacio","category-professionals-ambit-social","category-taula-inclusio","category-106","category-100","category-107","category-101","category-105","category-104","category-103","category-1","category-108","category-102","category-11","description-off"],"_links":{"self":[{"href":"https:\/\/inclusioaltemporda.cat\/portal\/wp-json\/wp\/v2\/posts\/4118","targetHints":{"allow":["GET"]}}],"collection":[{"href":"https:\/\/inclusioaltemporda.cat\/portal\/wp-json\/wp\/v2\/posts"}],"about":[{"href":"https:\/\/inclusioaltemporda.cat\/portal\/wp-json\/wp\/v2\/types\/post"}],"author":[{"embeddable":true,"href":"https:\/\/inclusioaltemporda.cat\/portal\/wp-json\/wp\/v2\/users\/3"}],"replies":[{"embeddable":true,"href":"https:\/\/inclusioaltemporda.cat\/portal\/wp-json\/wp\/v2\/comments?post=4118"}],"version-history":[{"count":4,"href":"https:\/\/inclusioaltemporda.cat\/portal\/wp-json\/wp\/v2\/posts\/4118\/revisions"}],"predecessor-version":[{"id":4124,"href":"https:\/\/inclusioaltemporda.cat\/portal\/wp-json\/wp\/v2\/posts\/4118\/revisions\/4124"}],"wp:featuredmedia":[{"embeddable":true,"href":"https:\/\/inclusioaltemporda.cat\/portal\/wp-json\/wp\/v2\/media\/4119"}],"wp:attachment":[{"href":"https:\/\/inclusioaltemporda.cat\/portal\/wp-json\/wp\/v2\/media?parent=4118"}],"wp:term":[{"taxonomy":"category","embeddable":true,"href":"https:\/\/inclusioaltemporda.cat\/portal\/wp-json\/wp\/v2\/categories?post=4118"},{"taxonomy":"post_tag","embeddable":true,"href":"https:\/\/inclusioaltemporda.cat\/portal\/wp-json\/wp\/v2\/tags?post=4118"}],"curies":[{"name":"wp","href":"https:\/\/api.w.org\/{rel}","templated":true}]}}