{"id":4126,"date":"2014-04-24T08:07:36","date_gmt":"2014-04-24T07:07:36","guid":{"rendered":"https:\/\/inclusioaltemporda.cat\/portal\/?p=4126"},"modified":"2016-02-01T09:24:47","modified_gmt":"2016-02-01T08:24:47","slug":"casals-destiu-municipals-sessions-informatives-el-5-de-maig","status":"publish","type":"post","link":"https:\/\/inclusioaltemporda.cat\/portal\/casals-destiu-municipals-sessions-informatives-el-5-de-maig\/","title":{"rendered":"Casals d&#8217;Estiu: sessions informatives el 5 de maig"},"content":{"rendered":"<p>L&#8217;Oficina de Joventut Figueres-Alt Empord\u00e0 organitza el proper 5 de maig dues sessions informatives per donar a con\u00e8ixer el proc\u00e9s de matriculaci\u00f3 als Casals Municipals d&#8217;Estiu.<\/p>\n<p>L&#8217;oferta d&#8217;activitats dels Casals municipals preveu activitats per a infants (3-12 anys) i per a adolescents (13-16 anys).<\/p>\n<p>Les reunions informatives es faran a la sala de plens del Consell Comarcal (c.Nou, 48) en dues sessions a les 19:00 h. i a les 20:00h, per facilitar l&#8217;assist\u00e8ncia.<\/p>\n","protected":false},"excerpt":{"rendered":"<p>L&#8217;Oficina de Joventut Figueres-Alt Empord\u00e0 organitza el proper 5 de maig dues sessions informatives.<\/p>\n","protected":false},"author":3,"featured_media":4127,"comment_status":"closed","ping_status":"closed","sticky":false,"template":"","format":"standard","meta":{"footnotes":""},"categories":[106,101,104,103,1,108],"tags":[],"class_list":["post-4126","post","type-post","status-publish","format-standard","has-post-thumbnail","hentry","category-administracions","category-ciutadania","category-entitats-socials","category-estudiants-escoles-instituts","category-general","category-mitjans-comunicacio","category-106","category-101","category-104","category-103","category-1","category-108","description-off"],"_links":{"self":[{"href":"https:\/\/inclusioaltemporda.cat\/portal\/wp-json\/wp\/v2\/posts\/4126","targetHints":{"allow":["GET"]}}],"collection":[{"href":"https:\/\/inclusioaltemporda.cat\/portal\/wp-json\/wp\/v2\/posts"}],"about":[{"href":"https:\/\/inclusioaltemporda.cat\/portal\/wp-json\/wp\/v2\/types\/post"}],"author":[{"embeddable":true,"href":"https:\/\/inclusioaltemporda.cat\/portal\/wp-json\/wp\/v2\/users\/3"}],"replies":[{"embeddable":true,"href":"https:\/\/inclusioaltemporda.cat\/portal\/wp-json\/wp\/v2\/comments?post=4126"}],"version-history":[{"count":3,"href":"https:\/\/inclusioaltemporda.cat\/portal\/wp-json\/wp\/v2\/posts\/4126\/revisions"}],"predecessor-version":[{"id":4130,"href":"https:\/\/inclusioaltemporda.cat\/portal\/wp-json\/wp\/v2\/posts\/4126\/revisions\/4130"}],"wp:featuredmedia":[{"embeddable":true,"href":"https:\/\/inclusioaltemporda.cat\/portal\/wp-json\/wp\/v2\/media\/4127"}],"wp:attachment":[{"href":"https:\/\/inclusioaltemporda.cat\/portal\/wp-json\/wp\/v2\/media?parent=4126"}],"wp:term":[{"taxonomy":"category","embeddable":true,"href":"https:\/\/inclusioaltemporda.cat\/portal\/wp-json\/wp\/v2\/categories?post=4126"},{"taxonomy":"post_tag","embeddable":true,"href":"https:\/\/inclusioaltemporda.cat\/portal\/wp-json\/wp\/v2\/tags?post=4126"}],"curies":[{"name":"wp","href":"https:\/\/api.w.org\/{rel}","templated":true}]}}