{"id":4131,"date":"2014-04-25T08:56:40","date_gmt":"2014-04-25T07:56:40","guid":{"rendered":"https:\/\/inclusioaltemporda.cat\/portal\/?p=4131"},"modified":"2016-02-01T09:24:47","modified_gmt":"2016-02-01T08:24:47","slug":"xerrades-sobres-aspectes-quotidans-del-consum","status":"publish","type":"post","link":"https:\/\/inclusioaltemporda.cat\/portal\/xerrades-sobres-aspectes-quotidans-del-consum\/","title":{"rendered":"Xerrades sobres aspectes quotidans del consum"},"content":{"rendered":"<p>Un any m\u00e9s el Consell Consultiu de la Gent Gran i l&#8217;Oficina de Consum comarcal organitzen xerrades sobre aspectes quotidians del consum a diferents Casals de la Gent Gran.<\/p>\n<p>Amb l&#8217;objectiu de sensibilitzar sobre els drets i deures dels consumidors, enguany l&#8217;Oficina de Consum i El Consell Consultiu organitzar\u00e0 aquestes xerrades als casals dels municipis Castell\u00f3 d&#8217;Emp\u00faries i La Jonquera els seg\u00fcents dies:<\/p>\n<ul>\n<li>Llar del jubilat de Castell\u00f3 d&#8217;Emp\u00faries (Pl. Catalunya, 1). 30 d&#8217;abril a les 17:00<\/li>\n<li>Porxos de Can Laporta de La Jonquera (C\/Major, 2). 4 de juny a les 17h<\/li>\n<\/ul>\n<p lang=\"ca-ES\" align=\"JUSTIFY\">\n<p lang=\"ca-ES\" align=\"JUSTIFY\">\n","protected":false},"excerpt":{"rendered":"<p>Un any m\u00e9s el Consell Consultiu de la Gent Gran i l&#8217;Oficina de Consum comarcal organitzen xerrades sobre aspectes quotidians del consum a diferents Casals de la Gent Gran.<\/p>\n","protected":false},"author":2,"featured_media":2048,"comment_status":"closed","ping_status":"closed","sticky":false,"template":"","format":"standard","meta":{"footnotes":""},"categories":[106,100,101,1,108],"tags":[],"class_list":["post-4131","post","type-post","status-publish","format-standard","has-post-thumbnail","hentry","category-administracions","category-area-benestar","category-ciutadania","category-general","category-mitjans-comunicacio","category-106","category-100","category-101","category-1","category-108","description-off"],"_links":{"self":[{"href":"https:\/\/inclusioaltemporda.cat\/portal\/wp-json\/wp\/v2\/posts\/4131","targetHints":{"allow":["GET"]}}],"collection":[{"href":"https:\/\/inclusioaltemporda.cat\/portal\/wp-json\/wp\/v2\/posts"}],"about":[{"href":"https:\/\/inclusioaltemporda.cat\/portal\/wp-json\/wp\/v2\/types\/post"}],"author":[{"embeddable":true,"href":"https:\/\/inclusioaltemporda.cat\/portal\/wp-json\/wp\/v2\/users\/2"}],"replies":[{"embeddable":true,"href":"https:\/\/inclusioaltemporda.cat\/portal\/wp-json\/wp\/v2\/comments?post=4131"}],"version-history":[{"count":5,"href":"https:\/\/inclusioaltemporda.cat\/portal\/wp-json\/wp\/v2\/posts\/4131\/revisions"}],"predecessor-version":[{"id":4136,"href":"https:\/\/inclusioaltemporda.cat\/portal\/wp-json\/wp\/v2\/posts\/4131\/revisions\/4136"}],"wp:featuredmedia":[{"embeddable":true,"href":"https:\/\/inclusioaltemporda.cat\/portal\/wp-json\/wp\/v2\/media\/2048"}],"wp:attachment":[{"href":"https:\/\/inclusioaltemporda.cat\/portal\/wp-json\/wp\/v2\/media?parent=4131"}],"wp:term":[{"taxonomy":"category","embeddable":true,"href":"https:\/\/inclusioaltemporda.cat\/portal\/wp-json\/wp\/v2\/categories?post=4131"},{"taxonomy":"post_tag","embeddable":true,"href":"https:\/\/inclusioaltemporda.cat\/portal\/wp-json\/wp\/v2\/tags?post=4131"}],"curies":[{"name":"wp","href":"https:\/\/api.w.org\/{rel}","templated":true}]}}